{"id":70,"date":"2011-10-11T10:30:02","date_gmt":"2011-10-11T10:30:02","guid":{"rendered":"http:\/\/reseauculture21.fr\/plateformeipamac\/?p=70"},"modified":"2012-03-09T18:30:21","modified_gmt":"2012-03-09T18:30:21","slug":"les-pratos","status":"publish","type":"post","link":"https:\/\/reseauculture21.fr\/plateformeipamac\/2011\/10\/11\/les-pratos\/","title":{"rendered":"Les Pratos"},"content":{"rendered":"<p><strong><span style=\"color: #ff6600;\">D\u00e8s la constitution du collectif Les Pratos en 2006, l\u2019envie est de cr\u00e9er et d\u00e9velopper un projet artistique comme un p\u00f4le de rencontre riche, cr\u00e9atif et solidaire. <\/span><\/strong>Ce projet puise son inspiration, son \u00e9nergie sur le territoire sur lequel il s\u2019inscrit, le pays de la Bretagne Romantique.<\/p>\n<p>L\u2019association Les Pratos , cr\u00e9\u00e9e en f\u00e9vrier 2007, se compose de 5 structures qui forment le collectif :<\/p>\n<ul>\n<li>La compagnie Machtiern<\/li>\n<li>La compagnie Vent d\u2019\u00e9toiles<\/li>\n<li>La compagnie Lettre<\/li>\n<li>L\u2019association La R\u00e9gie Roulotte<\/li>\n<li>L\u2019association La roulotte stroga<\/li>\n<\/ul>\n<p><strong><span style=\"color: #ff6600;\">Les Pratos se d\u00e9finissent comme\u00a0:<\/span><\/strong><\/p>\n<ul>\n<li>un p\u00f4le de comp\u00e9tences et de solidarit\u00e9s o\u00f9 sont mutualis\u00e9s des moyens de production artistique, des outils de gestion et des savoir-faire entre ses membres.<\/li>\n<li>un p\u00f4le de ressources techniques et artistiques ouvert aux artistes, compagnies, associations et collectivit\u00e9s locales<\/li>\n<li>un p\u00f4le de rencontre avec les habitants du territoire de la Bretagne Romantique<\/li>\n<\/ul>\n<p>Ce projet prend corps dans une ferme, au lieu-dit \u00ab\u00a0Les Prataux\u00a0\u00bb, situ\u00e9e \u00e0 Saint-Thual, Le collectif a r\u00e9am\u00e9nag\u00e9 la ferme en un espace de cr\u00e9ation, de production et de fabrication artistique\u00a0: des bureaux pour chacun, des ateliers de construction, et deux salles de r\u00e9p\u00e9tition.<\/p>\n<p>Dot\u00e9 d\u2019un parc mat\u00e9riel son et lumi\u00e8re professionnel, Les Pratos peuvent ainsi r\u00e9pondre aux besoins techniques d\u2019associations et collectivit\u00e9s locales. Le collectif met \u00e9galement \u00e0 disposition ses espaces de r\u00e9p\u00e9tition \u00e0 d\u2019autres \u00e9quipes artistiques. Cette v\u00e9ritable boite \u00e0 outils s\u2019est enrichi d\u2019un partenariat avec un studio d\u2019enregistrement situ\u00e9 \u00e0 4 km de la ferme.<\/p>\n<p>La ferme culturelle et artistique des Pratos est un projet qui ne cesse d\u2019imaginer des conditions de rencontre entre des artistes, des projets artistiques et la population. Dans ce sens, le collectif donne rendez-vous un mardi par mois aux habitants sur l\u2019un des 24 communes du territoire de la Bretagne romantique, <em>Les Pots Potins des Pratos, <\/em>rencontre conviviale autour d\u2019un projet en cours de cr\u00e9ation&#8230; Aussi, dans l\u2019id\u00e9e de \u00ab\u00a0provoquer\u00a0\u00bb la rencontre entre jeunes et anciennes g\u00e9n\u00e9rations, le dispositif <em>Fabrika M\u00e9moire<\/em> met chaque ann\u00e9e en \u0153uvre un projet visant \u00e0 valoriser les m\u00e9moires du territoire par des pratiques artistiques. Pour faciliter et accompagner la mise en place d\u2019une pr\u00e9sence artistique engag\u00e9e sur les communes du pays de la Bretagne Romantique, Les Pratos proposent les <em>Cr\u00e9anomades,<\/em> r\u00e9sidence d\u00e9di\u00e9e \u00e0 des projets incluant la participation d\u2019habitants\u2026<\/p>\n<p>Surprendre le public des Pots Potins en les invitant \u00e0 rencontrer des artistes et des projets dans des lieux improbables, redonner une autre interpr\u00e9tation aux lieux de vie du quotidien, inviter \u00e0 porter un autre regard sur les choses, impliquer les gens dans des actions artistiques o\u00f9 ils deviennent acteurs et organisateurs, continuer \u00e0 accueillir des structures artistiques \u00e0 la ferme ou dans les communes\u2026 autant d\u2019actions parmi d\u2019autres que Les Pratos ont \u00e0 c\u0153ur de porter sur le territoire.<\/p>\n<p><strong><span style=\"color: #ff6600;\">Pour en savoir plus : <\/span><\/strong><\/p>\n<p><a href=\"mailto:info@lespratos.org\">info@lespratos.org<\/a><\/p>\n<p>0299667823<\/p>\n<p>lieu-dit Les Prataux 35190 ST-THUAL<\/p>\n<p><a href=\"http:\/\/www.lespratos.org\/\">www.lespratos.org<\/a><\/p>\n<p>Coordination\u00a0: Anne Lalaire, directrice &gt; Marie Heud\u00e8s, charg\u00e9e de communication<\/p>\n","protected":false},"excerpt":{"rendered":"<p>D\u00e8s la constitution du collectif Les Pratos en 2006, l\u2019envie est de cr\u00e9er et d\u00e9velopper un projet artistique comme un p\u00f4le de rencontre riche, cr\u00e9atif et solidaire. Ce projet puise son inspiration, son \u00e9nergie sur le territoire sur lequel il s\u2019inscrit, le pays de la Bretagne Romantique.<\/p>\n<p>L\u2019association Les Pratos , cr\u00e9\u00e9e en f\u00e9vrier 2007, [&#8230;]<\/p>\n","protected":false},"author":783,"featured_media":72,"comment_status":"open","ping_status":"open","sticky":false,"template":"","format":"standard","meta":[],"categories":[6,27],"tags":[],"acf":[],"jetpack_featured_media_url":"https:\/\/reseauculture21.fr\/plateformeipamac\/files\/2011\/10\/LOGO-LES-PRATOS.jpg","_links":{"self":[{"href":"https:\/\/reseauculture21.fr\/plateformeipamac\/wp-json\/wp\/v2\/posts\/70"}],"collection":[{"href":"https:\/\/reseauculture21.fr\/plateformeipamac\/wp-json\/wp\/v2\/posts"}],"about":[{"href":"https:\/\/reseauculture21.fr\/plateformeipamac\/wp-json\/wp\/v2\/types\/post"}],"author":[{"embeddable":true,"href":"https:\/\/reseauculture21.fr\/plateformeipamac\/wp-json\/wp\/v2\/users\/783"}],"replies":[{"embeddable":true,"href":"https:\/\/reseauculture21.fr\/plateformeipamac\/wp-json\/wp\/v2\/comments?post=70"}],"version-history":[{"count":8,"href":"https:\/\/reseauculture21.fr\/plateformeipamac\/wp-json\/wp\/v2\/posts\/70\/revisions"}],"predecessor-version":[{"id":337,"href":"https:\/\/reseauculture21.fr\/plateformeipamac\/wp-json\/wp\/v2\/posts\/70\/revisions\/337"}],"wp:featuredmedia":[{"embeddable":true,"href":"https:\/\/reseauculture21.fr\/plateformeipamac\/wp-json\/wp\/v2\/media\/72"}],"wp:attachment":[{"href":"https:\/\/reseauculture21.fr\/plateformeipamac\/wp-json\/wp\/v2\/media?parent=70"}],"wp:term":[{"taxonomy":"category","embeddable":true,"href":"https:\/\/reseauculture21.fr\/plateformeipamac\/wp-json\/wp\/v2\/categories?post=70"},{"taxonomy":"post_tag","embeddable":true,"href":"https:\/\/reseauculture21.fr\/plateformeipamac\/wp-json\/wp\/v2\/tags?post=70"}],"curies":[{"name":"wp","href":"https:\/\/api.w.org\/{rel}","templated":true}]}}