{"id":661,"date":"2012-06-22T12:27:36","date_gmt":"2012-06-22T12:27:36","guid":{"rendered":"http:\/\/reseauculture21.fr\/plateformeipamac\/?p=661"},"modified":"2012-06-22T12:33:18","modified_gmt":"2012-06-22T12:33:18","slug":"journees-de-rencontres-des-images-plein-la-campagne","status":"publish","type":"post","link":"https:\/\/reseauculture21.fr\/plateformeipamac\/2012\/06\/22\/journees-de-rencontres-des-images-plein-la-campagne\/","title":{"rendered":"Journ\u00e9es de rencontres : des images plein la campagne !"},"content":{"rendered":"<p>Les 25 et26 juin, rendez-vous \u00e0 Vaillant en Haute-Marne, pour de nouvelles rencontres sur le r\u00f4le de la culture en milieu rural !<\/p>\n<p><a href=\"http:\/\/reseauculture21.fr\/plateformeipamac\/files\/2012\/06\/programme_25et26juin_120612_2.pdf\">Au programme\u00a0 : <\/a>un zoom sur le Centre des Rives- Association Autour de la Terre- la boratoire d&#8217;art contemporain, audiovisuel et documentaire en milieu rural ; et d&#8217;autres projets qui font bouillonner nos campagnes !<\/p>\n","protected":false},"excerpt":{"rendered":"<p>Les 25 et26 juin, rendez-vous \u00e0 Vaillant en Haute-Marne, pour de nouvelles rencontres sur le r\u00f4le de la culture en milieu rural !<\/p>\n<p><a href=\"http:\/\/reseauculture21.fr\/plateformeipamac\/files\/2012\/06\/programme_25et26juin_120612_2.pdf\">Au programme\u00a0 : <\/a>un zoom sur le Centre des Rives- Association Autour de la Terre- la boratoire d&#8217;art contemporain, audiovisuel et documentaire en milieu rural ; et d&#8217;autres projets qui font [&#8230;]<\/p>\n","protected":false},"author":783,"featured_media":0,"comment_status":"open","ping_status":"open","sticky":false,"template":"","format":"standard","meta":[],"categories":[14],"tags":[47],"acf":[],"jetpack_featured_media_url":"","_links":{"self":[{"href":"https:\/\/reseauculture21.fr\/plateformeipamac\/wp-json\/wp\/v2\/posts\/661"}],"collection":[{"href":"https:\/\/reseauculture21.fr\/plateformeipamac\/wp-json\/wp\/v2\/posts"}],"about":[{"href":"https:\/\/reseauculture21.fr\/plateformeipamac\/wp-json\/wp\/v2\/types\/post"}],"author":[{"embeddable":true,"href":"https:\/\/reseauculture21.fr\/plateformeipamac\/wp-json\/wp\/v2\/users\/783"}],"replies":[{"embeddable":true,"href":"https:\/\/reseauculture21.fr\/plateformeipamac\/wp-json\/wp\/v2\/comments?post=661"}],"version-history":[{"count":4,"href":"https:\/\/reseauculture21.fr\/plateformeipamac\/wp-json\/wp\/v2\/posts\/661\/revisions"}],"predecessor-version":[{"id":665,"href":"https:\/\/reseauculture21.fr\/plateformeipamac\/wp-json\/wp\/v2\/posts\/661\/revisions\/665"}],"wp:attachment":[{"href":"https:\/\/reseauculture21.fr\/plateformeipamac\/wp-json\/wp\/v2\/media?parent=661"}],"wp:term":[{"taxonomy":"category","embeddable":true,"href":"https:\/\/reseauculture21.fr\/plateformeipamac\/wp-json\/wp\/v2\/categories?post=661"},{"taxonomy":"post_tag","embeddable":true,"href":"https:\/\/reseauculture21.fr\/plateformeipamac\/wp-json\/wp\/v2\/tags?post=661"}],"curies":[{"name":"wp","href":"https:\/\/api.w.org\/{rel}","templated":true}]}}