{"id":650,"date":"2012-05-09T14:04:36","date_gmt":"2012-05-09T14:04:36","guid":{"rendered":"http:\/\/reseauculture21.fr\/plateformeipamac\/?p=650"},"modified":"2012-05-09T14:05:14","modified_gmt":"2012-05-09T14:05:14","slug":"le-reseau-departemental-de-developpement-culturel-en-milieu-rural-nord","status":"publish","type":"post","link":"https:\/\/reseauculture21.fr\/plateformeipamac\/2012\/05\/09\/le-reseau-departemental-de-developpement-culturel-en-milieu-rural-nord\/","title":{"rendered":"Le r\u00e9seau d\u00e9partemental de d\u00e9veloppement culturel en milieu rural (Nord)"},"content":{"rendered":"<p><strong><a href=\"http:\/\/reseauculture21.fr\/plateformeipamac\/files\/2012\/05\/Lewarde-Robert-Boudzinc-12.jpg\"><img loading=\"lazy\" class=\"alignleft size-medium wp-image-651\" src=\"http:\/\/reseauculture21.fr\/plateformeipamac\/files\/2012\/05\/Lewarde-Robert-Boudzinc-12-300x199.jpg\" alt=\"\" width=\"300\" height=\"199\" srcset=\"https:\/\/reseauculture21.fr\/plateformeipamac\/files\/2012\/05\/Lewarde-Robert-Boudzinc-12-300x199.jpg 300w, https:\/\/reseauculture21.fr\/plateformeipamac\/files\/2012\/05\/Lewarde-Robert-Boudzinc-12-1024x680.jpg 1024w, https:\/\/reseauculture21.fr\/plateformeipamac\/files\/2012\/05\/Lewarde-Robert-Boudzinc-12.jpg 1203w\" sizes=\"(max-width: 300px) 100vw, 300px\" \/><\/a> <\/strong>Communaut\u00e9 de travail et de projet, le R\u00e9seau d\u00e9partemental de d\u00e9veloppement culturel en milieu rural contribue \u00e0 mettre en synergie les exp\u00e9riences men\u00e9es au niveau local et la politique culturelle du D\u00e9partement.<\/p>\n<p>Il se fixe pour objectif de favoriser le d\u00e9veloppement culturel des territoires. Il vise \u00e0 mutualiser les comp\u00e9tences et les exp\u00e9riences au sein des r\u00e9seaux locaux et entre les r\u00e9seaux. Il constitue une force de coop\u00e9ration et de projet \u00e0 l\u2019\u00e9chelon d\u00e9partemental. Fort de son activit\u00e9 mutualis\u00e9e, il s\u2019affirme comme un acteur important de la vie culturelle d\u00e9partementale.<\/p>\n<p>Le R\u00e9seau est un organe de concertation, de partage des comp\u00e9tences, de mutualisation des moyens et d\u2019\u00e9mergence de projets, son activit\u00e9 s\u2019exerce dans les domaines suivants :<\/p>\n<p>_ <em>L\u2019accompagnement des politiques culturelles issues des territoires<\/em><\/p>\n<p>&#8211; Confrontations d\u2019exp\u00e9riences, \u00e9changes d\u2019informations<br \/>\n&#8211; \u00c9tablissement de projets communs<br \/>\n&#8211; Relations avec les acteurs culturels r\u00e9gionaux et nationaux<br \/>\n&#8211; Conseil aupr\u00e8s des \u00e9lus<br \/>\n&#8211; Veille juridique.<\/p>\n<p>_ <em>L\u2019\u00e9tablissement d\u2019une programmation artistique sur chaque territoire<\/em><\/p>\n<p>&#8211; Rencontres avec les porteurs de projet artistiques<br \/>\n&#8211; Rep\u00e9rages artistiques<br \/>\n&#8211; Accompagnement d\u2019actions de sensibilisation des publics.<\/p>\n<p>_ <em>L\u2019aide technique apport\u00e9e aux territoires<\/em><\/p>\n<p>&#8211; Lecture et exploitation des fiches techniques<br \/>\n&#8211; Recherche de mat\u00e9riel<br \/>\n&#8211; Mise \u00e0 disposition d\u2019un parc de mat\u00e9riel<br \/>\n&#8211; \u00c9tude technique des salles et de leur \u00e9quipement<br \/>\n&#8211; Aide \u00e0 la ma\u00eetrise d\u2019ouvrage<\/p>\n<p><strong><span style=\"color: #ff6600\">L\u2019organisation<\/span><\/strong><\/p>\n<p>Le R\u00e9seau est une organisation originale qui associe les collectivit\u00e9s territoriales et les acteurs de la vie culturelle pour le d\u00e9veloppement de la culture dans douze territoires intercommunaux du d\u00e9partement du Nord.<\/p>\n<p><em><strong>\u00a0Le Conseil g\u00e9n\u00e9ral du Nord<\/strong><\/em><\/p>\n<p>Le D\u00e9partement s\u2019est donn\u00e9 pour priorit\u00e9 d\u2019accompagner les territoires dans leur volont\u00e9 de s\u2019organiser et de mettre en \u0153uvre des strat\u00e9gies de d\u00e9veloppement au service de leurs habitants. En mati\u00e8re culturelle, il veille \u00e0 encourager les initiatives de structuration intercommunale des projets et de qualification des acteurs et des pratiques. Il s\u2019assure \u00e9galement de l\u2019ouverture des actions \u00e0 tous les publics, notamment ceux qui sont \u00e9loign\u00e9s des pratiques culturelles pour des raisons g\u00e9ographiques, sociales, culturelles, \u00e9conomiques\u2026<\/p>\n<p>A cet effet, le D\u00e9partement met en \u0153uvre une politique de d\u00e9veloppement culturel en milieu rural qui se concr\u00e9tise par le soutien au R\u00e9seau d\u00e9partemental de d\u00e9veloppement culturel en milieu rural.<\/p>\n<p><em><strong>Les r\u00e9seaux territoriaux<\/strong><\/em><\/p>\n<p>Regroupements de communes, constitu\u00e9s ou non en intercommunalit\u00e9s, repr\u00e9sent\u00e9s par un EPCI, une ville-centre ou une association d\u00e9l\u00e9gu\u00e9e, ils sont d\u00e9sign\u00e9s sous l\u2019appellation \u00ab t\u00eates de r\u00e9seaux territoriaux \u00bb. Les t\u00eates de r\u00e9seaux territoriaux sont reconnues par le territoire pour leurs capacit\u00e9s \u00e0 mobiliser, f\u00e9d\u00e9rer les acteurs du territoire autour de la construction et de la mise en \u0153uvre d\u2019un projet commun. Elles sont mandat\u00e9es par les collectivit\u00e9s du territoire pour contractualiser avec le D\u00e9partement.<\/p>\n<p><em><strong>L\u2019Agence technique d\u00e9partementale<\/strong><\/em><\/p>\n<p>Par convention avec le D\u00e9partement du Nord, l\u2019Agence technique d\u00e9partementale assure la coordination du R\u00e9seau d\u00e9partemental de d\u00e9veloppement culturel en milieu rural. Elle coordonne et accompagne le d\u00e9veloppement des actions des t\u00eates de r\u00e9seaux territoriaux, organise la mutualisation au niveau d\u00e9partemental (y compris aide technique) et la formation des techniciens des r\u00e9seaux.<\/p>\n<p>Elle s\u2019attache \u00e0 promouvoir le R\u00e9seau d\u00e9partemental de d\u00e9veloppement culturel en milieu rural sur le territoire d\u00e9partemental et au-del\u00e0.<\/p>\n<p><strong><span style=\"color: #ff6600\">Qui contacter ?<\/span><\/strong><\/p>\n<p><strong>&#8211; Organisation administrative, aide financi\u00e8re aux collectivit\u00e9s :<\/strong><\/p>\n<p><strong>CONSEIL GENERAL DU NORD<\/strong><\/p>\n<p>Direction de l\u2019Action Culturelle<br \/>\n51, rue Gustave Delory<br \/>\n59047 LILLE CEDEX<br \/>\nT\u00e9l : 03.20.63.54.45<\/p>\n<p><strong>&#8211; Coordination des actions :<\/strong><\/p>\n<p><strong>AGENCE TECHNIQUE DEPARTEMENTALE<\/strong><a href=\"http:\/\/reseauculture21.fr\/plateformeipamac\/files\/2012\/05\/manaswing.def_Page_1.jpg\"><img loading=\"lazy\" class=\"alignright size-medium wp-image-652\" src=\"http:\/\/reseauculture21.fr\/plateformeipamac\/files\/2012\/05\/manaswing.def_Page_1-213x300.jpg\" alt=\"\" width=\"213\" height=\"300\" srcset=\"https:\/\/reseauculture21.fr\/plateformeipamac\/files\/2012\/05\/manaswing.def_Page_1-213x300.jpg 213w, https:\/\/reseauculture21.fr\/plateformeipamac\/files\/2012\/05\/manaswing.def_Page_1-729x1024.jpg 729w, https:\/\/reseauculture21.fr\/plateformeipamac\/files\/2012\/05\/manaswing.def_Page_1.jpg 1182w\" sizes=\"(max-width: 213px) 100vw, 213px\" \/><\/a><br \/>\n49, rue Nicolas Leblanc<br \/>\nB.P. 1352<br \/>\n59015 LILLE CEDEX<br \/>\nT\u00e9l : 03.20.54.17.17<br \/>\nConseiller culturel : Fran\u00e7ois Dobrzy\u0144ski<\/p>\n<p><a href=\"http:\/\/www.spectacles-en-nord\"><strong>www.spectacles-en-nord<\/strong><\/a><\/p>\n","protected":false},"excerpt":{"rendered":"<p><a href=\"http:\/\/reseauculture21.fr\/plateformeipamac\/files\/2012\/05\/Lewarde-Robert-Boudzinc-12.jpg\"><\/a> Communaut\u00e9 de travail et de projet, le R\u00e9seau d\u00e9partemental de d\u00e9veloppement culturel en milieu rural contribue \u00e0 mettre en synergie les exp\u00e9riences men\u00e9es au niveau local et la politique culturelle du D\u00e9partement.<\/p>\n<p>Il se fixe pour objectif de favoriser le d\u00e9veloppement culturel des territoires. Il vise \u00e0 mutualiser les comp\u00e9tences et les exp\u00e9riences [&#8230;]<\/p>\n","protected":false},"author":783,"featured_media":651,"comment_status":"open","ping_status":"open","sticky":false,"template":"","format":"standard","meta":[],"categories":[6,27],"tags":[],"acf":[],"jetpack_featured_media_url":"https:\/\/reseauculture21.fr\/plateformeipamac\/files\/2012\/05\/Lewarde-Robert-Boudzinc-12.jpg","_links":{"self":[{"href":"https:\/\/reseauculture21.fr\/plateformeipamac\/wp-json\/wp\/v2\/posts\/650"}],"collection":[{"href":"https:\/\/reseauculture21.fr\/plateformeipamac\/wp-json\/wp\/v2\/posts"}],"about":[{"href":"https:\/\/reseauculture21.fr\/plateformeipamac\/wp-json\/wp\/v2\/types\/post"}],"author":[{"embeddable":true,"href":"https:\/\/reseauculture21.fr\/plateformeipamac\/wp-json\/wp\/v2\/users\/783"}],"replies":[{"embeddable":true,"href":"https:\/\/reseauculture21.fr\/plateformeipamac\/wp-json\/wp\/v2\/comments?post=650"}],"version-history":[{"count":5,"href":"https:\/\/reseauculture21.fr\/plateformeipamac\/wp-json\/wp\/v2\/posts\/650\/revisions"}],"predecessor-version":[{"id":657,"href":"https:\/\/reseauculture21.fr\/plateformeipamac\/wp-json\/wp\/v2\/posts\/650\/revisions\/657"}],"wp:featuredmedia":[{"embeddable":true,"href":"https:\/\/reseauculture21.fr\/plateformeipamac\/wp-json\/wp\/v2\/media\/651"}],"wp:attachment":[{"href":"https:\/\/reseauculture21.fr\/plateformeipamac\/wp-json\/wp\/v2\/media?parent=650"}],"wp:term":[{"taxonomy":"category","embeddable":true,"href":"https:\/\/reseauculture21.fr\/plateformeipamac\/wp-json\/wp\/v2\/categories?post=650"},{"taxonomy":"post_tag","embeddable":true,"href":"https:\/\/reseauculture21.fr\/plateformeipamac\/wp-json\/wp\/v2\/tags?post=650"}],"curies":[{"name":"wp","href":"https:\/\/api.w.org\/{rel}","templated":true}]}}