{"id":64,"date":"2011-10-11T10:26:15","date_gmt":"2011-10-11T10:26:15","guid":{"rendered":"http:\/\/reseauculture21.fr\/plateformeipamac\/?p=64"},"modified":"2012-03-09T16:41:14","modified_gmt":"2012-03-09T16:41:14","slug":"solidart-maurienne-lart-a-la-rencontre-de-la-solidarite","status":"publish","type":"post","link":"https:\/\/reseauculture21.fr\/plateformeipamac\/2011\/10\/11\/solidart-maurienne-lart-a-la-rencontre-de-la-solidarite\/","title":{"rendered":"Solidart Maurienne, l&#8217;art \u00e0 la rencontre de la solidarit\u00e9"},"content":{"rendered":"<p><span style=\"color: #ff6600;\"><strong>Contexte<\/strong><\/span><\/p>\n<p>La vall\u00e9e de la Maurienne est la plus longue vall\u00e9e alpine (120 km pour 62 communes et 42000 habitants). C\u2019est un territoire qui a des limites g\u00e9ographiques pr\u00e9cises, une identit\u00e9 propre et une histoire marqu\u00e9e. Par ailleurs, la Maurienne a \u00e9t\u00e9 marqu\u00e9e par l\u2019aluminium. Elle a vu na\u00eetre ce m\u00e9tal au si\u00e8cle dernier entre les mains de l\u2019ing\u00e9nieur Paul H\u00e9roult. Depuis plus de 100 ans, des g\u00e9n\u00e9rations de mauriennais ont travaill\u00e9 \u00e0 produire de l\u2019aluminium. C\u2019est donc le cadre id\u00e9al, d\u2019un point de vue culturel et historique, pour d\u00e9velopper de nouvelles activit\u00e9s autour de ce m\u00e9tal.<\/p>\n<p>Toutefois, il est \u00e0 noter que nos activit\u00e9s culturelles et artistiques d\u00e9bordent largement le cadre de la vall\u00e9e (gr\u00e2ce \u00e0 Internet, des habitants du monde entier participent \u00e0 l\u2019enrichissement de l\u2019\u0153uvre ou soutiennent notre travail agriculturel et agricultural).<\/p>\n<p>Depuis pr\u00e8s de 20 ans, l\u2019association Solid\u2019Art Maurienne travaille \u00e0 l\u2019\u00e9laboration d\u2019un outil qui place la culture et la solidarit\u00e9 au c\u0153ur du d\u00e9veloppement local, v\u00e9ritable machine \u00e0 tisser du lien, \u00e0 cr\u00e9er de la richesse (artistique, humaine, \u2026), \u00e0 g\u00e9n\u00e9rer de l\u2019activit\u00e9 et de l\u2019utilit\u00e9 sociale pour tous et en particulier pour les <strong>personnes en grande difficult\u00e9.<\/strong><\/p>\n<p>&nbsp;<\/p>\n<p><strong><span style=\"color: #ff6600;\">Objectifs vis\u00e9s :<\/span><\/strong><\/p>\n<p>L\u2019ambition de Solid\u2019Art\u00a0 est triple\u00a0:<\/p>\n<p>&#8211;\u00a0 viser un d\u00e9veloppement global en proposant une autre approche de la soci\u00e9t\u00e9, du travail, de l\u2019\u00e9conomie, de la culture, de la solidarit\u00e9 \u2026<\/p>\n<p>&#8211;\u00a0 D\u00e9montrer que l\u2019art est accessible \u00e0 tous et qu\u2019il peut \u00eatre un moyen de r\u00e9alisation de soi et d\u2019int\u00e9gration \u00e0 la soci\u00e9t\u00e9 en favorisant l\u2019ouverture aux autres<\/p>\n<p>&#8211;\u00a0 Promouvoir une nouvelle forme de d\u00e9veloppement local et de mise en valeur du territoire (la Maurienne).<\/p>\n<p><strong><span style=\"color: #ff6600;\">Pr\u00e9sentation r\u00e9sum\u00e9e<\/span><\/strong><\/p>\n<p><strong>L\u2019AURA<\/strong><\/p>\n<p>En 1993, l\u2019association Solid\u2019Art lance un d\u00e9fi colossal aux 42 000 habitants de la vall\u00e9e de la Maurienne\u00a0: cr\u00e9er une \u0153uvre collective de 5000 m2, constitu\u00e9e de 42 000 pi\u00e8ces en aluminium (ce m\u00e9tal est n\u00e9 dans cette vall\u00e9e au 19<sup>\u00e8me<\/sup> si\u00e8cle et continue d\u2019y \u00eatre fabriqu\u00e9). Chaque pi\u00e8ce porte des messages ou dessins grav\u00e9s par des habitants du monde entier.<\/p>\n<p>L\u2019association esp\u00e8re, \u00e0 travers cette r\u00e9alisation, renforcer le lien social et les dynamiques de solidarit\u00e9s locales. Elle compte aussi valoriser son territoire. De cette d\u00e9marche est n\u00e9e l\u2019AURA, la plus grande cr\u00e9ation collective au monde.<\/p>\n<p>&nbsp;<\/p>\n<p><strong>Atelier et chantier d\u2019insertion\u00a0:<\/strong><\/p>\n<p>Pour accompagner cette d\u00e9marche, un atelier et chantier d\u2019insertion a \u00e9t\u00e9 cr\u00e9\u00e9 et a employ\u00e9 \u00e0 ce jour pr\u00e8s de 200 personnes.<\/p>\n<p>A partir des comp\u00e9tences acquises en travaillant sur l\u2019AURA, l\u2019atelier et chantier d\u2019insertion d\u00e9veloppe depuis quelques ann\u00e9es une activit\u00e9 artisanale autour de la gravure et la fonderie d\u2019aluminium. Il se sp\u00e9cialise dans les travaux de signal\u00e9tique, de d\u00e9coration et la r\u00e9alisation de troph\u00e9es. Il travaille aujourd\u2019hui pour des clients prestigieux (troph\u00e9es championnat du monde de ski, Total, EDF, Capitalcom, &#8230;)<\/p>\n<p>&nbsp;<\/p>\n<p><strong>Vigne et safran\u00a0:<\/strong><\/p>\n<p>En 2007, apr\u00e8s l\u2019inauguration de l\u2019Aura, l\u2019association n\u2019en reste pas l\u00e0\u00a0: Avec les m\u00eames ingr\u00e9dients de lien social, de valorisation du patrimoine\u00a0 et de dynamique collective, elle initie une nouvelle aventure avec la r\u00e9introduction de deux cultures embl\u00e9matiques et patrimoniales de notre vall\u00e9e\u00a0: la Vigne et le Safran.<\/p>\n<p>Elle conduit ce travail de mani\u00e8re enti\u00e8rement manuelle et naturelle, en s\u2019appuyant sur deux c\u00e9pages autochtones oubli\u00e9s de grande qualit\u00e9 et sur la dimension conviviale et sociale de la culture de la vigne.\u00a0 Elle esp\u00e8re donner naissance \u00e0 deux vins d\u2019exception. Dans le m\u00eame temps, l\u2019association travaille \u00e0 la r\u00e9introduction du safran qui \u00e9tait largement cultiv\u00e9 dans la vall\u00e9e jusqu\u2019au 19<sup>\u00e8me<\/sup> si\u00e8cle.<\/p>\n<p><strong><span style=\"color: #ff6600;\">R\u00e9sultats<\/span><\/strong><\/p>\n<p>-Installation de l\u2019AURA, la plus grande \u0153uvre collective au monde en Maurienne<\/p>\n<p>-1 ha de terrains d\u00e9frich\u00e9s, 1\/2 ha de vigne plant\u00e9e, 40 000 bulbes de safran en terre<\/p>\n<p>-Cr\u00e9ation d\u2019un atelier artisanal de gravure et fonderie d\u2019aluminium<\/p>\n<p>-22 emplois cr\u00e9\u00e9s\u00a0: 4 permanents et 18 postes insertion<\/p>\n<p>-160 personnes en situation de pr\u00e9carit\u00e9 ont b\u00e9n\u00e9fici\u00e9 d\u2019un travail et d\u2019une formation dans le cadre de ce projet.<\/p>\n<p>-Des habitudes de collaboration se sont mises en places entre diff\u00e9rents acteurs locaux<\/p>\n<p>-Large couverture m\u00e9diatique (locale, r\u00e9gionale, nationale, internationale<\/p>\n<p><strong><em><span style=\"text-decoration: underline;\">Pour en savoir plus<\/span><\/em><span style=\"text-decoration: underline;\"> :<\/span><\/strong><\/p>\n<p><strong>Personne \u00e0 contacter<\/strong> : \u00a0 Yves Pasquier<\/p>\n<p>Langue du contact\u00a0: Fran\u00e7ais<\/p>\n<p>T\u00e9l\u00e9phone\u00a0: 04 79 83 08 13<\/p>\n<p>E-mail\u00a0: yves.pasquier@solidart.net<\/p>\n<p><span style=\"text-decoration: underline;\"><a href=\"http:\/\/www.solidart.net\/\">www.solidart.net<\/a><\/span><\/p>\n","protected":false},"excerpt":{"rendered":"<p>Contexte<\/p>\n<p>La vall\u00e9e de la Maurienne est la plus longue vall\u00e9e alpine (120 km pour 62 communes et 42000 habitants). C\u2019est un territoire qui a des limites g\u00e9ographiques pr\u00e9cises, une identit\u00e9 propre et une histoire marqu\u00e9e. Par ailleurs, la Maurienne a \u00e9t\u00e9 marqu\u00e9e par l\u2019aluminium. Elle a vu na\u00eetre ce m\u00e9tal au si\u00e8cle dernier entre [&#8230;]<\/p>\n","protected":false},"author":783,"featured_media":65,"comment_status":"open","ping_status":"open","sticky":false,"template":"","format":"standard","meta":[],"categories":[6,27],"tags":[],"acf":[],"jetpack_featured_media_url":"https:\/\/reseauculture21.fr\/plateformeipamac\/files\/2011\/10\/laura-sous-la-neige.jpg","_links":{"self":[{"href":"https:\/\/reseauculture21.fr\/plateformeipamac\/wp-json\/wp\/v2\/posts\/64"}],"collection":[{"href":"https:\/\/reseauculture21.fr\/plateformeipamac\/wp-json\/wp\/v2\/posts"}],"about":[{"href":"https:\/\/reseauculture21.fr\/plateformeipamac\/wp-json\/wp\/v2\/types\/post"}],"author":[{"embeddable":true,"href":"https:\/\/reseauculture21.fr\/plateformeipamac\/wp-json\/wp\/v2\/users\/783"}],"replies":[{"embeddable":true,"href":"https:\/\/reseauculture21.fr\/plateformeipamac\/wp-json\/wp\/v2\/comments?post=64"}],"version-history":[{"count":4,"href":"https:\/\/reseauculture21.fr\/plateformeipamac\/wp-json\/wp\/v2\/posts\/64\/revisions"}],"predecessor-version":[{"id":461,"href":"https:\/\/reseauculture21.fr\/plateformeipamac\/wp-json\/wp\/v2\/posts\/64\/revisions\/461"}],"wp:featuredmedia":[{"embeddable":true,"href":"https:\/\/reseauculture21.fr\/plateformeipamac\/wp-json\/wp\/v2\/media\/65"}],"wp:attachment":[{"href":"https:\/\/reseauculture21.fr\/plateformeipamac\/wp-json\/wp\/v2\/media?parent=64"}],"wp:term":[{"taxonomy":"category","embeddable":true,"href":"https:\/\/reseauculture21.fr\/plateformeipamac\/wp-json\/wp\/v2\/categories?post=64"},{"taxonomy":"post_tag","embeddable":true,"href":"https:\/\/reseauculture21.fr\/plateformeipamac\/wp-json\/wp\/v2\/tags?post=64"}],"curies":[{"name":"wp","href":"https:\/\/api.w.org\/{rel}","templated":true}]}}