{"id":626,"date":"2012-04-24T12:55:41","date_gmt":"2012-04-24T12:55:41","guid":{"rendered":"http:\/\/reseauculture21.fr\/plateformeipamac\/?p=626"},"modified":"2012-04-25T16:25:49","modified_gmt":"2012-04-25T16:25:49","slug":"journees-de-rencontres-de-lart-pour-une-autre-campagne","status":"publish","type":"post","link":"https:\/\/reseauculture21.fr\/plateformeipamac\/2012\/04\/24\/journees-de-rencontres-de-lart-pour-une-autre-campagne\/","title":{"rendered":"Journ\u00e9es de rencontres : &#8220;De l&#8217;art pour une autre campagne&#8221;"},"content":{"rendered":"<p><a href=\"http:\/\/reseauculture21.fr\/plateformeipamac\/files\/2012\/04\/IMG_3966-m.jpg\"><img loading=\"lazy\" class=\"alignleft size-thumbnail wp-image-629\" src=\"http:\/\/reseauculture21.fr\/plateformeipamac\/files\/2012\/04\/IMG_3966-m-150x150.jpg\" alt=\"\" width=\"150\" height=\"150\" \/><\/a>Les Parcs naturels du Massif central, r\u00e9unis au sein d&#8217;IPAMAC, organisent des journ\u00e9es de rencontres\u00a0 autour de la culture en milieu rural pour d\u00e9couvrir les nombreux projets qui fourmillent dans nos campagnes et en nourrir notre corps et esprit !<\/p>\n<p>Les premiers rendez-vous ont d\u00e9j\u00e0 eu lieu<br \/>\n&#8211; aux portes du Livradois-Forez, avec un accueil chaleureux et sous la neige du collectif Pixel (<a href=\"http:\/\/reseauculture21.fr\/plateformeipamac\/files\/2012\/04\/cr-busseol.pdf\">D\u00e9couvrez une synth\u00e8se des \u00e9changes de Buss\u00e9ol<\/a>)<br \/>\n&#8211; dans la Maison de la communaut\u00e9 de communes du Fronsadais, en partenariat avec l&#8217;IDDAC.<\/p>\n<p><strong>Rendez-vous :<\/strong><\/p>\n<p>&#8211; <strong>le 1er juin \u00e0 Capdenac Gare<\/strong>, en partenariat avec Derri\u00e8re le Hublot, et avec la participation du Collectif Ville Campagne, de Hors les Murs (centre national de ressources des arts de la rue et du cirque) , Pixel (collectif artistique install\u00e9 en milieu rural), &#8230;<\/p>\n<p><strong>&#8211; les 13 et 14 juin dans la Ni\u00e8vre et le Parc du Morvan<\/strong>, en partenariat avec le T\u00e9atr\u00e9prouvette<\/p>\n<p><a href=\"http:\/\/reseauculture21.fr\/plateformeipamac\/files\/2012\/04\/Journee-de-rencontre.pdf\">D\u00e9couvrez le programme du 1er juin !<\/a><\/p>\n<p><strong>Pour avoir plus de renseignements, contactez-nous !<\/strong><\/p>\n<p>julia.steiner@parcs-massif-central.com<br \/>\n04 74 59 71 70<\/p>\n","protected":false},"excerpt":{"rendered":"<p><a href=\"http:\/\/reseauculture21.fr\/plateformeipamac\/files\/2012\/04\/IMG_3966-m.jpg\"><\/a>Les Parcs naturels du Massif central, r\u00e9unis au sein d&#8217;IPAMAC, organisent des journ\u00e9es de rencontres\u00a0 autour de la culture en milieu rural pour d\u00e9couvrir les nombreux projets qui fourmillent dans nos campagnes et en nourrir notre corps et esprit !<\/p>\n<p>Les premiers rendez-vous ont d\u00e9j\u00e0 eu lieu<br \/> &#8211; aux portes du Livradois-Forez, avec [&#8230;]<\/p>\n","protected":false},"author":783,"featured_media":629,"comment_status":"open","ping_status":"open","sticky":false,"template":"","format":"standard","meta":[],"categories":[14],"tags":[],"acf":[],"jetpack_featured_media_url":"https:\/\/reseauculture21.fr\/plateformeipamac\/files\/2012\/04\/IMG_3966-m.jpg","_links":{"self":[{"href":"https:\/\/reseauculture21.fr\/plateformeipamac\/wp-json\/wp\/v2\/posts\/626"}],"collection":[{"href":"https:\/\/reseauculture21.fr\/plateformeipamac\/wp-json\/wp\/v2\/posts"}],"about":[{"href":"https:\/\/reseauculture21.fr\/plateformeipamac\/wp-json\/wp\/v2\/types\/post"}],"author":[{"embeddable":true,"href":"https:\/\/reseauculture21.fr\/plateformeipamac\/wp-json\/wp\/v2\/users\/783"}],"replies":[{"embeddable":true,"href":"https:\/\/reseauculture21.fr\/plateformeipamac\/wp-json\/wp\/v2\/comments?post=626"}],"version-history":[{"count":5,"href":"https:\/\/reseauculture21.fr\/plateformeipamac\/wp-json\/wp\/v2\/posts\/626\/revisions"}],"predecessor-version":[{"id":646,"href":"https:\/\/reseauculture21.fr\/plateformeipamac\/wp-json\/wp\/v2\/posts\/626\/revisions\/646"}],"wp:featuredmedia":[{"embeddable":true,"href":"https:\/\/reseauculture21.fr\/plateformeipamac\/wp-json\/wp\/v2\/media\/629"}],"wp:attachment":[{"href":"https:\/\/reseauculture21.fr\/plateformeipamac\/wp-json\/wp\/v2\/media?parent=626"}],"wp:term":[{"taxonomy":"category","embeddable":true,"href":"https:\/\/reseauculture21.fr\/plateformeipamac\/wp-json\/wp\/v2\/categories?post=626"},{"taxonomy":"post_tag","embeddable":true,"href":"https:\/\/reseauculture21.fr\/plateformeipamac\/wp-json\/wp\/v2\/tags?post=626"}],"curies":[{"name":"wp","href":"https:\/\/api.w.org\/{rel}","templated":true}]}}