{"id":620,"date":"2012-04-24T12:40:23","date_gmt":"2012-04-24T12:40:23","guid":{"rendered":"http:\/\/reseauculture21.fr\/plateformeipamac\/?p=620"},"modified":"2012-04-25T09:18:29","modified_gmt":"2012-04-25T09:18:29","slug":"de-laire","status":"publish","type":"post","link":"https:\/\/reseauculture21.fr\/plateformeipamac\/2012\/04\/24\/de-laire\/","title":{"rendered":"De l&#8217;aire"},"content":{"rendered":"<div id=\"attachment_621\" style=\"width: 160px\" class=\"wp-caption alignleft\"><a href=\"http:\/\/reseauculture21.fr\/plateformeipamac\/files\/2012\/04\/delaire.jpg\"><img aria-describedby=\"caption-attachment-621\" loading=\"lazy\" class=\"size-thumbnail wp-image-621   \" src=\"http:\/\/reseauculture21.fr\/plateformeipamac\/files\/2012\/04\/delaire-150x150.jpg\" alt=\"\" width=\"150\" height=\"150\" \/><\/a><p id=\"caption-attachment-621\" class=\"wp-caption-text\">Construction d\u2019un kiosque communal avec les habitants de Cobonne -  \u00a9 Aude Lavenant\/De l&#039;aire<\/p><\/div>\n<p>De l\u2019aire est une association, cr\u00e9\u00e9e en 2002 et bas\u00e9e \u00e0 Crest, dans la Dr\u00f4me.<\/p>\n<p>Elle con\u00e7oit et met en \u0153uvre des projets cr\u00e9atifs et participatifs pour apporter des r\u00e9ponses sur des enjeux d\u2019am\u00e9nagement du territoire. Elle intervient principalement dans les zones rurales et p\u00e9ri-urbaines.<\/p>\n<p>C\u2019est Elisa Dumay qui amorce et fonde le projet de l\u2019association, \u00e0 la lumi\u00e8re d\u2019un parcours de formation sociologie \/ culture et de premi\u00e8res exp\u00e9riences professionnelles dans le milieu Culturel li\u00e9 \u00e9troitement au d\u00e9veloppement local.<\/p>\n<p>\u00ab <strong><em>Le sens que je donnais \u00e0 la culture, c\u2019\u00e9tait vraiment le sens d\u2019activation de la vie sur un territoire. Tr\u00e8s t\u00f4t, j\u2019ai eu envie de m\u00ealer le d\u00e9veloppement local avec le d\u00e9veloppement culturel, puis l\u2019am\u00e9nagement urbain, de voir la culture comme un moyen d\u2019hybridation entre plusieurs champs de comp\u00e9tences (urbanisme, action sociale, architecture, art\u2026.) pour agir sur le territoire. Il s\u2019agissait aussi de faire en sorte que les citoyens agissent aussi sur leur territoire. Un vrai outil dont se saisir<\/em><\/strong> \u00bb. \u00c9lisa Dumay<\/p>\n<p>Forte de cette \u00ab vision politique et culturelle \u00bb, l\u2019association De l\u2019aire ancre, d\u00e8s ses d\u00e9buts, sa d\u00e9marche dans l\u2019exp\u00e9rimentation.<\/p>\n<p>Aujourd\u2019hui, la position de l\u2019association De l\u2019aire sur les projets qu\u2019elle conduit est de diff\u00e9rentes natures, selon les actions et les partenariats mis en place\u00a0: entre la commande \u00e0 l\u2019appel \u00e0 projet, il y a aussi d\u2019autres formes \u00e0 inventer. En effet, elle peut mettre en place un partenariat de conseil, un partenariat d\u2019accompagnement ou de m\u00e9diation, elle peut aussi \u00eatre porteur de projet, co-producteur. L\u2019approche, qui privil\u00e9giait au d\u00e9part la programmation culturelle comme r\u00e9v\u00e9lateur de ressources locales, a \u00e9volu\u00e9 pour se tourner vers l\u2019am\u00e9nagement urbain comme objet susceptible d\u2019activer des dimensions culturelles et soci\u00e9tales, afin de nourrir les projets de d\u00e9veloppement local.<\/p>\n<div id=\"attachment_622\" style=\"width: 160px\" class=\"wp-caption alignright\"><a href=\"http:\/\/reseauculture21.fr\/plateformeipamac\/files\/2012\/04\/delaire2.jpg\"><img aria-describedby=\"caption-attachment-622\" loading=\"lazy\" class=\"size-thumbnail wp-image-622  \" src=\"http:\/\/reseauculture21.fr\/plateformeipamac\/files\/2012\/04\/delaire2-150x150.jpg\" alt=\"\" width=\"150\" height=\"150\" \/><\/a><p id=\"caption-attachment-622\" class=\"wp-caption-text\">Immersion sur le territoire de St-Jean-en-Royans avec Exyzt -   \u00a9 Emmanuel Gabily<\/p><\/div>\n<p>Des exemples de projets port\u00e9s par de l\u2019aire, que vous pourrez d\u00e9couvrir sur le site internet de l&#8217;association :<\/p>\n<p>&#8211;\u00a0\u00a0\u00a0\u00a0\u00a0\u00a0\u00a0\u00a0 Programme d\u2019am\u00e9nagement participatif\u00a0 du centre-bourg et d\u00e9veloppement culturel, Commune de Bossieu\/Is\u00e8re<\/p>\n<p>&#8211;\u00a0\u00a0\u00a0\u00a0\u00a0\u00a0\u00a0\u00a0 Gare rurale\/27<sup>\u00e8me<\/sup> r\u00e9gion\u00a0: \u00e0 Corbigny, dans la Ni\u00e8vre, De l\u2019aire mobilise la population et les collectivit\u00e9s locales pour penser un avenir possible d\u2019une gare en d\u00e9sertification.<\/p>\n<p>&#8211;\u00a0\u00a0\u00a0\u00a0\u00a0\u00a0\u00a0\u00a0 Habitants, artistes, am\u00e9nageurs, sociologue imaginent l&#8217;avenir d&#8217;un village \u00e0 Cobonne (Dr\u00f4me)<\/p>\n<p>&#8211;\u00a0\u00a0\u00a0\u00a0\u00a0\u00a0\u00a0\u00a0 de la prairie \u00e0 La Prairie, projet men\u00e9 dans un quartier HLM de Crest (Dr\u00f4me)<\/p>\n<p><strong>Contact :<\/strong><a href=\"http:\/\/www.delaire.eu\/\"><br \/>\nhttp:\/\/www.delaire.eu\/<br \/>\n<\/a>association.delaire@orange.fr<a href=\"http:\/\/www.delaire.eu\/\"><br \/>\n<\/a>04 75 76 60 79<a href=\"http:\/\/www.delaire.eu\/\"><br \/>\n<\/a><\/p>\n<div id=\"attachment_633\" style=\"width: 310px\" class=\"wp-caption aligncenter\"><a href=\"http:\/\/reseauculture21.fr\/plateformeipamac\/files\/2012\/04\/delaire1.jpg\"><img aria-describedby=\"caption-attachment-633\" loading=\"lazy\" class=\"size-medium wp-image-633 \" src=\"http:\/\/reseauculture21.fr\/plateformeipamac\/files\/2012\/04\/delaire1-300x225.jpg\" alt=\"\" width=\"300\" height=\"225\" srcset=\"https:\/\/reseauculture21.fr\/plateformeipamac\/files\/2012\/04\/delaire1-300x225.jpg 300w, https:\/\/reseauculture21.fr\/plateformeipamac\/files\/2012\/04\/delaire1-1024x768.jpg 1024w\" sizes=\"(max-width: 300px) 100vw, 300px\" \/><\/a><p id=\"caption-attachment-633\" class=\"wp-caption-text\">R\u00e9alisation d\u2019une plateforme pour les habitants avec Exyzt \/\/ PNR du Vercors- \u00a9 Emmanuel Gabily<\/p><\/div>\n","protected":false},"excerpt":{"rendered":"<p>De l\u2019aire est une association, cr\u00e9\u00e9e en 2002 et bas\u00e9e \u00e0 Crest, dans la Dr\u00f4me.<\/p>\n<p>Elle con\u00e7oit et met en \u0153uvre des projets cr\u00e9atifs et participatifs pour apporter des r\u00e9ponses sur des enjeux d\u2019am\u00e9nagement du territoire. Elle intervient principalement dans les zones rurales et p\u00e9ri-urbaines.<\/p>\n<p>C\u2019est Elisa Dumay qui amorce et fonde le projet de [&#8230;]<\/p>\n","protected":false},"author":783,"featured_media":621,"comment_status":"open","ping_status":"open","sticky":false,"template":"","format":"standard","meta":[],"categories":[6],"tags":[46],"acf":[],"jetpack_featured_media_url":"https:\/\/reseauculture21.fr\/plateformeipamac\/files\/2012\/04\/delaire.jpg","_links":{"self":[{"href":"https:\/\/reseauculture21.fr\/plateformeipamac\/wp-json\/wp\/v2\/posts\/620"}],"collection":[{"href":"https:\/\/reseauculture21.fr\/plateformeipamac\/wp-json\/wp\/v2\/posts"}],"about":[{"href":"https:\/\/reseauculture21.fr\/plateformeipamac\/wp-json\/wp\/v2\/types\/post"}],"author":[{"embeddable":true,"href":"https:\/\/reseauculture21.fr\/plateformeipamac\/wp-json\/wp\/v2\/users\/783"}],"replies":[{"embeddable":true,"href":"https:\/\/reseauculture21.fr\/plateformeipamac\/wp-json\/wp\/v2\/comments?post=620"}],"version-history":[{"count":12,"href":"https:\/\/reseauculture21.fr\/plateformeipamac\/wp-json\/wp\/v2\/posts\/620\/revisions"}],"predecessor-version":[{"id":644,"href":"https:\/\/reseauculture21.fr\/plateformeipamac\/wp-json\/wp\/v2\/posts\/620\/revisions\/644"}],"wp:featuredmedia":[{"embeddable":true,"href":"https:\/\/reseauculture21.fr\/plateformeipamac\/wp-json\/wp\/v2\/media\/621"}],"wp:attachment":[{"href":"https:\/\/reseauculture21.fr\/plateformeipamac\/wp-json\/wp\/v2\/media?parent=620"}],"wp:term":[{"taxonomy":"category","embeddable":true,"href":"https:\/\/reseauculture21.fr\/plateformeipamac\/wp-json\/wp\/v2\/categories?post=620"},{"taxonomy":"post_tag","embeddable":true,"href":"https:\/\/reseauculture21.fr\/plateformeipamac\/wp-json\/wp\/v2\/tags?post=620"}],"curies":[{"name":"wp","href":"https:\/\/api.w.org\/{rel}","templated":true}]}}