{"id":57,"date":"2011-10-11T10:04:53","date_gmt":"2011-10-11T10:04:53","guid":{"rendered":"http:\/\/reseauculture21.fr\/plateformeipamac\/?p=57"},"modified":"2012-03-09T16:41:19","modified_gmt":"2012-03-09T16:41:19","slug":"le-vent-des-forets-espace-rural-dart-contemporain","status":"publish","type":"post","link":"https:\/\/reseauculture21.fr\/plateformeipamac\/2011\/10\/11\/le-vent-des-forets-espace-rural-dart-contemporain\/","title":{"rendered":"Le Vent des For\u00eats, espace rural d&#8217;art contemporain"},"content":{"rendered":"<p><span style=\"color: #ff6600\"><strong><a href=\"http:\/\/reseauculture21.fr\/plateformeipamac\/files\/2011\/10\/Le-nichoir_matali-crasset_Le-Vent-des-Forets-2011-\u00a9Lucas-Frechin.jpg\"><img loading=\"lazy\" class=\"alignleft size-thumbnail wp-image-133\" src=\"http:\/\/reseauculture21.fr\/plateformeipamac\/files\/2011\/10\/Le-nichoir_matali-crasset_Le-Vent-des-Forets-2011-\u00a9Lucas-Frechin-150x150.jpg\" alt=\"\" width=\"150\" height=\"150\" \/><\/a>La situation g\u00e9ographique<\/strong><\/span><\/p>\n<p>L&#8217;association Le Vent des For\u00eats inscrit son action artistique et culturelle sur le territoire rural de la Communaut\u00e9 de Communes Entre Aire et Meuse (243 km\u00b2, 2058 habitants pour 22 villages), en r\u00e9gion Lorraine, dans le d\u00e9partement de la Meuse. La faible densit\u00e9 de population laisse place \u00e0 de vastes territoires naturels fa\u00e7onn\u00e9s par l&#8217;histoire et par les activit\u00e9s agricoles et foresti\u00e8res. Le paysage est vallonn\u00e9, parcouru de rivi\u00e8res et de ruisseaux. Quant \u00e0 la vie villageoise, elle y est faite de commerces ambulants et de regroupement scolaire. Le Vent des For\u00eats est \u00e0 1h de Paris depuis 2007 gr\u00e2ce \u00e0 l&#8217;arr\u00eat du TGV sur son territoire.<\/p>\n<p><span style=\"color: #ff6600\"><strong>L&#8217;historique du projet<\/strong><\/span><\/p>\n<p>Le projet de l&#8217;association Le Vent des For\u00eats est n\u00e9 en 1997 de la volont\u00e9 de six maires de villages (Lahaymeix, Fresnes-au-Mont, Dompcevrin, Nicey-sur-Aire, Pierrefitte-sur-Aire et Ville-devant-Belrain) d&#8217;accueillir tous les ans des artistes contemporains en r\u00e9sidence de production pendant deux semaines au mois de juillet.<\/p>\n<p>Fruit de ces s\u00e9jours, plus de 170 \u0153uvres ont vu le jour, dont 90 sont visibles aujourd&#8217;hui le long de 45 kilom\u00e8tres de sentiers forestiers sp\u00e9cifiquement balis\u00e9s, compos\u00e9s de 7 boucles de 1 \u00e0 4 heures de marche. Les oeuvres r\u00e9alis\u00e9es sont expos\u00e9es au temps qu&#8217;il fait et au temps qui passe, \u00e9ph\u00e9m\u00e8res ou relativement durables, elles privil\u00e9gient un rapport direct avec l&#8217;environnement. Elles sont \u00e0 d\u00e9couvrir aux abords des sentiers dans 5000  hectares de for\u00eat, espace d&#8217;exposition accessible gratuitement \u00e0 tous.<\/p>\n<p><span style=\"color: #ff6600\"><strong>Le contexte de cr\u00e9ation artistique<\/strong><\/span><\/p>\n<p>L\u2019implication des artistes, au c\u0153ur d\u2019un environnement social, humain, g\u00e9ographique et \u00e9conomique fait partie de l&#8217;aventure de cr\u00e9ation : au Vent des For\u00eats, les artistes travaillent en prise directe avec la r\u00e9alit\u00e9 d&#8217;un contexte de production et de diffusion particuli\u00e8rement in\u00e9dit quant aux enjeux humains et techniques qu&#8217;il implique. Cette r\u00e9sidence de production permet des collaborations avec les habitants des villages, des b\u00e9n\u00e9voles de l&#8217;association et des artisans locaux (chaudronnier, menuisier, carrossier, tailleur de pierre&#8230;). Tous mettent \u00e0 disposition expertises et savoir-faire pour aider les artistes dans leurs recherches et cr\u00e9ations. Ainsi, les \u0153uvres r\u00e9alis\u00e9es et expos\u00e9es r\u00e9sultent du lien que les artistes \u00e9laborent avec la nature et les partenaires choisis, ces rencontres conduisent tr\u00e8s souvent \u00e0 une prise de conscience intime et d\u00e9terminante qui va se traduire de fa\u00e7on manifeste dans le travail r\u00e9alis\u00e9.<\/p>\n<p><strong><\/strong><strong><span style=\"color: #ff6600\">Pr\u00e9sentation r\u00e9sum\u00e9e du projet<\/span><br \/>\n<\/strong><\/p>\n<p>Au c\u0153ur du d\u00e9partement de la Meuse, en Lorraine, \u00e0 l&#8217;initiative de 6 villages agricoles et forestiers, le Vent des for\u00eats invente un projet humain et culturel audacieux qui privil\u00e9gie les rencontres et le travail entre des artistes plasticiens d&#8217;aujourd&#8217;hui et la population locale.<br \/>\nLe Vent des for\u00eats, qui se d\u00e9finit comme un espace d&#8217;art contemporain \u00e0 ciel ouvert, r\u00e9ussit sur un territoire rural une alchimie rare et extr\u00eamement pr\u00e9cieuse : un lien fort s&#8217;\u00e9tablit entre la population locale,\u00a0 les 70 b\u00e9n\u00e9voles de l&#8217;association, les familles d&#8217;accueil et les artistes, ce qui donne lieu \u00e0 des rencontres m\u00e9morables lors des chantiers annuels de cr\u00e9ation d\u2019\u0153uvres nouvelles et de restauration des plus anciennes. Une v\u00e9ritable mixit\u00e9 sociale et culturelle s&#8217;op\u00e8re, le lien social se recr\u00e9e,\u00a0 une nouvelle m\u00e9moire collective appara\u00eet, le projet dessine une nouvelle fa\u00e7on de vivre la ruralit\u00e9, dont les valeurs sont naturellement transmises au public, qui parcourt les 7 circuits de 1h \u00e0 4h de marche. Sur 5000 hectares de for\u00eat, le long de 45 km de sentiers balis\u00e9s et librement accessibles, les visiteurs partent \u00e0 l&#8217;aventure, \u00e0 la rencontre d\u2019\u0153uvres d&#8217;arts inscrites dans le paysage- plus de 90 visibles\u00a0 \u00e0 ce jour- con\u00e7ues avec des artistes \u00e0 l&#8217;\u00e9coute du contexte et en relation directe avec les acteurs du territoire.<\/p>\n<p><span style=\"color: #ff6600\"><strong>Le d\u00e9veloppement du territoire<\/strong><\/span><\/p>\n<p>Le Vent des For\u00eats renforce, par l&#8217;originalit\u00e9 de ses missions, un territoire rural aujourd&#8217;hui enclav\u00e9, \u00e9conomiquement fragile et faiblement peupl\u00e9. Il est n\u00e9cessaire de prendre le temps de la rencontre et du dialogue pour permettre au territoire d&#8217;\u00eatre disponible \u00e0 l&#8217;audace des projets artistiques. Expliquer et associer \u00e9tape par \u00e9tape permet de f\u00e9d\u00e9rer de tr\u00e8s nombreux acteurs (entreprises, artisans, associations, habitants, chasseurs&#8230;), et de r\u00e9veiller les valeurs et ressources autour d&#8217;une ambition commune. L&#8217;\u00e9nergie d\u00e9ploy\u00e9e par tous pour la r\u00e9alisation des projets r\u00e9v\u00e8le ainsi une ambition de donner le meilleur de soi m\u00eame pour les \u0153uvres des artistes. Dans ce rapport de confiance, une nouvelle m\u00e9moire collective appara\u00eet et un cercle vertueux se met en place : des initiatives priv\u00e9es prennent le relais, renfor\u00e7ant l&#8217;activit\u00e9 du tissu \u00e9conomique local (chambres d&#8217;h\u00f4tes, restauration, randonn\u00e9es \u00e9questres, s\u00e9jours culturels) permettant au secteur du Vent des For\u00eats de devenir peu \u00e0 peu un point d&#8217;ancrage pour des s\u00e9jours touristiques de longue dur\u00e9e. Cette dynamique est confirm\u00e9e par un important \u00e9cho m\u00e9diatique qui diffuse une image contemporaine et innovante de cette ruralit\u00e9, et confirme l&#8217;exemplarit\u00e9 du projet dont les valeurs sont naturellement transmises au public qui parcourt les sentiers.<\/p>\n<p><span style=\"color: #ff6600\"><strong>L&#8217;exp\u00e9rience du public<\/strong><\/span><\/p>\n<p>Chaque ann\u00e9e, environ 25 000 personnes s&#8217;aventurent sur les sentiers du Vent des For\u00eats \u00e0 la d\u00e9couverte des oeuvres. L&#8217;aventure propos\u00e9e permet une alternative aux loisirs de consommation ainsi qu&#8217;un tr\u00e8s large croisement social et g\u00e9ographique des publics. De plus, parcourir les sentiers n\u00e9cessite une pr\u00e9paration, une \u00e9tude attentive de la carte, du balisage, et une d\u00e9marche volontaire, ce qui infl\u00e9chit des pratiques responsables et permet une sensibilisation des visiteurs aux qualit\u00e9s et valeurs du territoire. La logique de l&#8217;association, r\u00e9gie par un principe d&#8217;\u00e9conomie permanant, est de permettre une autonomie du public gr\u00e2ce \u00e0 des outils simples et pratiques comme la carte, le balisage et un site Internet. Outre le travail de m\u00e9diation culturelle men\u00e9 par le personnel de l&#8217;association aupr\u00e8s de publics sp\u00e9cifiques, comme par exemple les \u00e9coles, le projet permet aux habitants d&#8217;\u00eatre d&#8217;exceptionnels m\u00e9diateurs de proximit\u00e9 et les meilleurs relais des valeurs du projet et du territoire aupr\u00e8s du grand public.<\/p>\n<p><span style=\"color: #ff6600\"><strong><em><span style=\"text-decoration: underline\">Pour en savoir plus<\/span><\/em><span style=\"text-decoration: underline\"> :<\/span><\/strong><\/span><\/p>\n<p><strong>Personne\u00a0 \u00e0 contacter : <\/strong>Pascal Yonet, directeur<\/p>\n<p>Langue du contact\u00a0: Fran\u00e7ais\u00a0\u00a0\u00a0\u00a0 <a href=\"http:\/\/reseauculture21.fr\/plateformeipamac\/files\/2011\/10\/Bient\u201ct-dans-votre-village-Th\u201ao-Mercier-Christophe-Hamaide-Pierson-Le-Vent-des-For\u02c6ts-2011_cr\u201adit-S\u201abastien-Agnetti-3.jpg\"><img loading=\"lazy\" class=\"alignright size-thumbnail wp-image-134\" src=\"http:\/\/reseauculture21.fr\/plateformeipamac\/files\/2011\/10\/Bient\u201ct-dans-votre-village-Th\u201ao-Mercier-Christophe-Hamaide-Pierson-Le-Vent-des-For\u02c6ts-2011_cr\u201adit-S\u201abastien-Agnetti-3-150x150.jpg\" alt=\"\" width=\"150\" height=\"150\" \/><\/a><br \/>\nT\u00e9l\u00e9phone\u00a0: 03 29 71 01 95<\/p>\n<p>E-mail\u00a0: leventdesforets@mcom.fr<a href=\"http:\/\/www.nombril.com\/\"><br \/>\nwww.leventdesforets.com<\/a><\/p>\n","protected":false},"excerpt":{"rendered":"<p><a href=\"http:\/\/reseauculture21.fr\/plateformeipamac\/files\/2011\/10\/Le-nichoir_matali-crasset_Le-Vent-des-Forets-2011-\u00a9Lucas-Frechin.jpg\"><\/a>La situation g\u00e9ographique<\/p>\n<p>L&#8217;association Le Vent des For\u00eats inscrit son action artistique et culturelle sur le territoire rural de la Communaut\u00e9 de Communes Entre Aire et Meuse (243 km\u00b2, 2058 habitants pour 22 villages), en r\u00e9gion Lorraine, dans le d\u00e9partement de la Meuse. La faible densit\u00e9 de population laisse place \u00e0 de vastes territoires [&#8230;]<\/p>\n","protected":false},"author":783,"featured_media":100,"comment_status":"open","ping_status":"open","sticky":false,"template":"","format":"standard","meta":[],"categories":[6,27],"tags":[],"acf":[],"jetpack_featured_media_url":"https:\/\/reseauculture21.fr\/plateformeipamac\/files\/2011\/10\/Green-Nest-Srinivasa-Prasad-Le-Vent-des-For\u02c6ts-2011_cr\u201adit-S\u201abastien-Agnetti-1.jpg","_links":{"self":[{"href":"https:\/\/reseauculture21.fr\/plateformeipamac\/wp-json\/wp\/v2\/posts\/57"}],"collection":[{"href":"https:\/\/reseauculture21.fr\/plateformeipamac\/wp-json\/wp\/v2\/posts"}],"about":[{"href":"https:\/\/reseauculture21.fr\/plateformeipamac\/wp-json\/wp\/v2\/types\/post"}],"author":[{"embeddable":true,"href":"https:\/\/reseauculture21.fr\/plateformeipamac\/wp-json\/wp\/v2\/users\/783"}],"replies":[{"embeddable":true,"href":"https:\/\/reseauculture21.fr\/plateformeipamac\/wp-json\/wp\/v2\/comments?post=57"}],"version-history":[{"count":9,"href":"https:\/\/reseauculture21.fr\/plateformeipamac\/wp-json\/wp\/v2\/posts\/57\/revisions"}],"predecessor-version":[{"id":462,"href":"https:\/\/reseauculture21.fr\/plateformeipamac\/wp-json\/wp\/v2\/posts\/57\/revisions\/462"}],"wp:featuredmedia":[{"embeddable":true,"href":"https:\/\/reseauculture21.fr\/plateformeipamac\/wp-json\/wp\/v2\/media\/100"}],"wp:attachment":[{"href":"https:\/\/reseauculture21.fr\/plateformeipamac\/wp-json\/wp\/v2\/media?parent=57"}],"wp:term":[{"taxonomy":"category","embeddable":true,"href":"https:\/\/reseauculture21.fr\/plateformeipamac\/wp-json\/wp\/v2\/categories?post=57"},{"taxonomy":"post_tag","embeddable":true,"href":"https:\/\/reseauculture21.fr\/plateformeipamac\/wp-json\/wp\/v2\/tags?post=57"}],"curies":[{"name":"wp","href":"https:\/\/api.w.org\/{rel}","templated":true}]}}