{"id":538,"date":"2012-03-15T10:39:56","date_gmt":"2012-03-15T10:39:56","guid":{"rendered":"http:\/\/reseauculture21.fr\/plateformeipamac\/?p=538"},"modified":"2012-03-15T10:40:15","modified_gmt":"2012-03-15T10:40:15","slug":"les-actes-du-congres-2011-des-parcs-naturels-regionaux-une-culture-par-nature","status":"publish","type":"post","link":"https:\/\/reseauculture21.fr\/plateformeipamac\/2012\/03\/15\/les-actes-du-congres-2011-des-parcs-naturels-regionaux-une-culture-par-nature\/","title":{"rendered":"Les actes du Congr\u00e8s 2011 des Parcs naturels r\u00e9gionaux : une culture par nature"},"content":{"rendered":"<p><img loading=\"lazy\" class=\"alignleft size-full wp-image-540\" title=\"Capture d\u2019\u00e9cran 2012-03-15 \u00e0 11.32.24\" src=\"http:\/\/reseauculture21.fr\/plateformeipamac\/files\/2012\/03\/Capture-d\u2019\u00e9cran-2012-03-15-\u00e0-11.32.241.png\" alt=\"\" width=\"250\" height=\"270\" \/><\/p>\n<p>Les Parcs naturels r\u00e9gionaux ont toujours contribu\u00e9 \u00e0 la d\u00e9fense et \u00e0 la valorisation de leurs patrimoines \u00e0 travers leur identit\u00e9 culturelle. Cette \u201cculture par nature\u201d qui leur est propre et qui a repr\u00e9sent\u00e9, d\u00e8s leur cr\u00e9ation en 1967, une source d\u2019identification et d\u2019adh\u00e9sion tr\u00e8s forte pour les habitants et les acteurs des Parcs a \u00e9t\u00e9 \u00e0 l\u2019affiche de l&#8217;\u00e9dition 2011 du Congr\u00e8s des Parcs.<\/p>\n<ul>\n<li><a href=\"http:\/\/www.parcs-naturels-regionaux.fr\/upload\/doc_telechargement\/ACTES%20CONGRES%202011%20VF.pdf\" target=\"_blank\">T\u00e9l\u00e9charger les actes<\/a><\/li>\n<\/ul>\n","protected":false},"excerpt":{"rendered":"<\/p>\n<p>Les Parcs naturels r\u00e9gionaux ont toujours contribu\u00e9 \u00e0 la d\u00e9fense et \u00e0 la valorisation de leurs patrimoines \u00e0 travers leur identit\u00e9 culturelle. Cette \u201cculture par nature\u201d qui leur est propre et qui a repr\u00e9sent\u00e9, d\u00e8s leur cr\u00e9ation en 1967, une source d\u2019identification et d\u2019adh\u00e9sion tr\u00e8s forte pour les habitants et les acteurs des Parcs [&#8230;]<\/p>\n","protected":false},"author":782,"featured_media":539,"comment_status":"open","ping_status":"open","sticky":false,"template":"","format":"standard","meta":[],"categories":[14],"tags":[],"acf":[],"jetpack_featured_media_url":"https:\/\/reseauculture21.fr\/plateformeipamac\/files\/2012\/03\/Capture-d\u2019\u00e9cran-2012-03-15-\u00e0-11.32.24.png","_links":{"self":[{"href":"https:\/\/reseauculture21.fr\/plateformeipamac\/wp-json\/wp\/v2\/posts\/538"}],"collection":[{"href":"https:\/\/reseauculture21.fr\/plateformeipamac\/wp-json\/wp\/v2\/posts"}],"about":[{"href":"https:\/\/reseauculture21.fr\/plateformeipamac\/wp-json\/wp\/v2\/types\/post"}],"author":[{"embeddable":true,"href":"https:\/\/reseauculture21.fr\/plateformeipamac\/wp-json\/wp\/v2\/users\/782"}],"replies":[{"embeddable":true,"href":"https:\/\/reseauculture21.fr\/plateformeipamac\/wp-json\/wp\/v2\/comments?post=538"}],"version-history":[{"count":11,"href":"https:\/\/reseauculture21.fr\/plateformeipamac\/wp-json\/wp\/v2\/posts\/538\/revisions"}],"predecessor-version":[{"id":561,"href":"https:\/\/reseauculture21.fr\/plateformeipamac\/wp-json\/wp\/v2\/posts\/538\/revisions\/561"}],"wp:featuredmedia":[{"embeddable":true,"href":"https:\/\/reseauculture21.fr\/plateformeipamac\/wp-json\/wp\/v2\/media\/539"}],"wp:attachment":[{"href":"https:\/\/reseauculture21.fr\/plateformeipamac\/wp-json\/wp\/v2\/media?parent=538"}],"wp:term":[{"taxonomy":"category","embeddable":true,"href":"https:\/\/reseauculture21.fr\/plateformeipamac\/wp-json\/wp\/v2\/categories?post=538"},{"taxonomy":"post_tag","embeddable":true,"href":"https:\/\/reseauculture21.fr\/plateformeipamac\/wp-json\/wp\/v2\/tags?post=538"}],"curies":[{"name":"wp","href":"https:\/\/api.w.org\/{rel}","templated":true}]}}