{"id":485,"date":"2012-03-08T17:26:52","date_gmt":"2012-03-08T17:26:52","guid":{"rendered":"http:\/\/reseauculture21.fr\/plateformeipamac\/?p=485"},"modified":"2012-03-09T18:16:38","modified_gmt":"2012-03-09T18:16:38","slug":"culture-et-developpement-des-territoires-ruraux","status":"publish","type":"post","link":"https:\/\/reseauculture21.fr\/plateformeipamac\/2012\/03\/08\/culture-et-developpement-des-territoires-ruraux\/","title":{"rendered":"Culture et d\u00e9veloppement des territoires ruraux"},"content":{"rendered":"<p><a href=\"http:\/\/reseauculture21.fr\/plateformeipamac\/files\/2012\/03\/Capture-d\u2019\u00e9cran-2012-03-09-\u00e0-18.20.38.png\"><img loading=\"lazy\" class=\"alignleft size-full wp-image-486\" title=\"Capture d\u2019\u00e9cran 2012-03-09 \u00e0 18.20.38\" src=\"http:\/\/reseauculture21.fr\/plateformeipamac\/files\/2012\/03\/Capture-d\u2019\u00e9cran-2012-03-09-\u00e0-18.20.38.png\" alt=\"\" width=\"250\" height=\"185\" \/><\/a>&#8220;Culture et d\u00e9veloppement des territoires ruraux : quatre projets en comparaison&#8221; est un travail de recherche commandit\u00e9 par l&#8217;Ipamac dans le cadre du R\u00e9seau Rural en partenariat avec le Collectif Ville Campagne et les Parcs Naturels r\u00e9gionaux de France.<\/p>\n<p>Etude r\u00e9alis\u00e9e par Vincent Guillon, Politologue et chercheur au Laboratoire Pacte, et Pauline Scherer, coordinatrice de l&#8217;association M&#8217;entends-tu?<\/p>\n<ul>\n<li><a href=\"http:\/\/reseauculture21.fr\/plateformeipamac\/files\/2012\/03\/Recherche-IPAMAC-culture-copie.pdf\">T\u00e9l\u00e9chargez l&#8217;\u00e9tude<\/a><\/li>\n<\/ul>\n<p>&nbsp;<\/p>\n<p>&nbsp;<\/p>\n","protected":false},"excerpt":{"rendered":"<p><a href=\"http:\/\/reseauculture21.fr\/plateformeipamac\/files\/2012\/03\/Capture-d\u2019\u00e9cran-2012-03-09-\u00e0-18.20.38.png\"><\/a>&#8220;Culture et d\u00e9veloppement des territoires ruraux : quatre projets en comparaison&#8221; est un travail de recherche commandit\u00e9 par l&#8217;Ipamac dans le cadre du R\u00e9seau Rural en partenariat avec le Collectif Ville Campagne et les Parcs Naturels r\u00e9gionaux de France.<\/p>\n<p>Etude r\u00e9alis\u00e9e par Vincent Guillon, Politologue et chercheur au Laboratoire Pacte, et Pauline Scherer, coordinatrice [&#8230;]<\/p>\n","protected":false},"author":782,"featured_media":486,"comment_status":"open","ping_status":"open","sticky":false,"template":"","format":"standard","meta":[],"categories":[14],"tags":[33,34,37],"acf":[],"jetpack_featured_media_url":"https:\/\/reseauculture21.fr\/plateformeipamac\/files\/2012\/03\/Capture-d\u2019\u00e9cran-2012-03-09-\u00e0-18.20.38.png","_links":{"self":[{"href":"https:\/\/reseauculture21.fr\/plateformeipamac\/wp-json\/wp\/v2\/posts\/485"}],"collection":[{"href":"https:\/\/reseauculture21.fr\/plateformeipamac\/wp-json\/wp\/v2\/posts"}],"about":[{"href":"https:\/\/reseauculture21.fr\/plateformeipamac\/wp-json\/wp\/v2\/types\/post"}],"author":[{"embeddable":true,"href":"https:\/\/reseauculture21.fr\/plateformeipamac\/wp-json\/wp\/v2\/users\/782"}],"replies":[{"embeddable":true,"href":"https:\/\/reseauculture21.fr\/plateformeipamac\/wp-json\/wp\/v2\/comments?post=485"}],"version-history":[{"count":14,"href":"https:\/\/reseauculture21.fr\/plateformeipamac\/wp-json\/wp\/v2\/posts\/485\/revisions"}],"predecessor-version":[{"id":532,"href":"https:\/\/reseauculture21.fr\/plateformeipamac\/wp-json\/wp\/v2\/posts\/485\/revisions\/532"}],"wp:featuredmedia":[{"embeddable":true,"href":"https:\/\/reseauculture21.fr\/plateformeipamac\/wp-json\/wp\/v2\/media\/486"}],"wp:attachment":[{"href":"https:\/\/reseauculture21.fr\/plateformeipamac\/wp-json\/wp\/v2\/media?parent=485"}],"wp:term":[{"taxonomy":"category","embeddable":true,"href":"https:\/\/reseauculture21.fr\/plateformeipamac\/wp-json\/wp\/v2\/categories?post=485"},{"taxonomy":"post_tag","embeddable":true,"href":"https:\/\/reseauculture21.fr\/plateformeipamac\/wp-json\/wp\/v2\/tags?post=485"}],"curies":[{"name":"wp","href":"https:\/\/api.w.org\/{rel}","templated":true}]}}