{"id":392,"date":"2012-03-09T15:22:21","date_gmt":"2012-03-09T15:22:21","guid":{"rendered":"http:\/\/reseauculture21.fr\/plateformeipamac\/?p=392"},"modified":"2012-03-09T18:06:01","modified_gmt":"2012-03-09T18:06:01","slug":"les-bistrots-du-massif-central-la-culture-facteur-de-revitalisation-des-commerces-de-proximite","status":"publish","type":"post","link":"https:\/\/reseauculture21.fr\/plateformeipamac\/2012\/03\/09\/les-bistrots-du-massif-central-la-culture-facteur-de-revitalisation-des-commerces-de-proximite\/","title":{"rendered":"Les bistrots du Massif central : la culture, facteur de revitalisation des commerces de proximit\u00e9 ?"},"content":{"rendered":"<p><a href=\"http:\/\/reseauculture21.fr\/plateformeipamac\/files\/2012\/03\/Capture-d\u2019\u00e9cran-2012-03-09-\u00e0-16.17.31.png\"><img loading=\"lazy\" class=\"alignleft size-full wp-image-394\" title=\"Capture d\u2019\u00e9cran 2012-03-09 \u00e0 16.17.31\" src=\"http:\/\/reseauculture21.fr\/plateformeipamac\/files\/2012\/03\/Capture-d\u2019\u00e9cran-2012-03-09-\u00e0-16.17.31.png\" alt=\"\" width=\"250\" height=\"104\" \/><\/a>7 Parcs naturels r\u00e9gionaux, l&#8217;association Pays&#8217;Sage et la chambre \u00e9conomique de Corr\u00e8ze lancent un projet autour des bistrots du Massif central.<\/p>\n<p><!--more--><\/p>\n<p>Parall\u00e8lement au <a href=\"http:\/\/www.parcs-massif-central.com\/a-la-une-le-printemps-des-bistrots-du-massif-central_fr_99_000189.htm\" target=\"_blank\">Printemps des Bistrots<\/a> qui d\u00e9bute d\u00e9but mars (programmation culturelle dans les bistrots du Massif central), une \u00e9tude-action va \u00eatre lanc\u00e9e d\u00e8s 2012 pour \u00e9tudier la viabilit\u00e9 \u00e9conomique de ces lieux, mais \u00e9galement conna\u00eetre leur r\u00f4le dans les territoires ruraux, les regards port\u00e9s par les habitants sur ces lieux. Un guide m\u00e9thodologique na\u00eetra de cette \u00e9tude pour fournir id\u00e9es, conseils, exemples aux \u00e9lus, acteurs, bistrotiers des territoires ruraux.<\/p>\n<p>Une \u00e9tude portant un regard sensible, \u00e9galement, \u00e0 travers la r\u00e9alisation d&#8217;une exposition destin\u00e9e \u00e0 d\u00e9ambuler par la suite dans le Massif central.<\/p>\n<p>Pour en savoir plus, t\u00e9l\u00e9charger le cahier des charges de l&#8217;\u00e9tude et les modalit\u00e9s de consultation :<\/p>\n<ul>\n<li><a href=\"http:\/\/reseauculture21.fr\/plateformeipamac\/files\/2012\/03\/13297449710_Appel_a_projet-Bistrots_de_Massif.pdf\">Le cahier des charges de l&#8217;\u00e9tude-action<\/a><\/li>\n<li><a href=\"http:\/\/reseauculture21.fr\/plateformeipamac\/files\/2012\/03\/13297449960_Modalites_de_consultation-Bistrots_de_Massif.pdf\">Le modalit\u00e9s de consultation<\/a><\/li>\n<\/ul>\n<p>&nbsp;<\/p>\n","protected":false},"excerpt":{"rendered":"<p><a href=\"http:\/\/reseauculture21.fr\/plateformeipamac\/files\/2012\/03\/Capture-d\u2019\u00e9cran-2012-03-09-\u00e0-16.17.31.png\"><\/a>7 Parcs naturels r\u00e9gionaux, l&#8217;association Pays&#8217;Sage et la chambre \u00e9conomique de Corr\u00e8ze lancent un projet autour des bistrots du Massif central.<\/p>\n","protected":false},"author":782,"featured_media":393,"comment_status":"open","ping_status":"open","sticky":false,"template":"","format":"standard","meta":[],"categories":[14,28,20,27],"tags":[32,33],"acf":[],"jetpack_featured_media_url":"https:\/\/reseauculture21.fr\/plateformeipamac\/files\/2012\/03\/Capture-d\u2019\u00e9cran-2012-03-09-\u00e0-16.16.16.png","_links":{"self":[{"href":"https:\/\/reseauculture21.fr\/plateformeipamac\/wp-json\/wp\/v2\/posts\/392"}],"collection":[{"href":"https:\/\/reseauculture21.fr\/plateformeipamac\/wp-json\/wp\/v2\/posts"}],"about":[{"href":"https:\/\/reseauculture21.fr\/plateformeipamac\/wp-json\/wp\/v2\/types\/post"}],"author":[{"embeddable":true,"href":"https:\/\/reseauculture21.fr\/plateformeipamac\/wp-json\/wp\/v2\/users\/782"}],"replies":[{"embeddable":true,"href":"https:\/\/reseauculture21.fr\/plateformeipamac\/wp-json\/wp\/v2\/comments?post=392"}],"version-history":[{"count":13,"href":"https:\/\/reseauculture21.fr\/plateformeipamac\/wp-json\/wp\/v2\/posts\/392\/revisions"}],"predecessor-version":[{"id":511,"href":"https:\/\/reseauculture21.fr\/plateformeipamac\/wp-json\/wp\/v2\/posts\/392\/revisions\/511"}],"wp:featuredmedia":[{"embeddable":true,"href":"https:\/\/reseauculture21.fr\/plateformeipamac\/wp-json\/wp\/v2\/media\/393"}],"wp:attachment":[{"href":"https:\/\/reseauculture21.fr\/plateformeipamac\/wp-json\/wp\/v2\/media?parent=392"}],"wp:term":[{"taxonomy":"category","embeddable":true,"href":"https:\/\/reseauculture21.fr\/plateformeipamac\/wp-json\/wp\/v2\/categories?post=392"},{"taxonomy":"post_tag","embeddable":true,"href":"https:\/\/reseauculture21.fr\/plateformeipamac\/wp-json\/wp\/v2\/tags?post=392"}],"curies":[{"name":"wp","href":"https:\/\/api.w.org\/{rel}","templated":true}]}}