{"id":35,"date":"2011-10-11T08:49:52","date_gmt":"2011-10-11T08:49:52","guid":{"rendered":"http:\/\/reseauculture21.fr\/plateformeipamac\/?p=35"},"modified":"2012-03-09T18:08:11","modified_gmt":"2012-03-09T18:08:11","slug":"linventaire-des-pratiques-culturelles-dans-les-parcs-naturels-regionaux","status":"publish","type":"post","link":"https:\/\/reseauculture21.fr\/plateformeipamac\/2011\/10\/11\/linventaire-des-pratiques-culturelles-dans-les-parcs-naturels-regionaux\/","title":{"rendered":"L&#8217;inventaire des pratiques culturelles dans les Parcs naturels r\u00e9gionaux"},"content":{"rendered":"<p><a href=\"http:\/\/reseauculture21.fr\/plateformeipamac\/files\/2011\/10\/Capture-d\u2019\u00e9cran-2012-03-09-\u00e0-18.29.56.png\"><img loading=\"lazy\" class=\"alignleft size-full wp-image-499\" title=\"Capture d\u2019\u00e9cran 2012-03-09 \u00e0 18.29.56\" src=\"http:\/\/reseauculture21.fr\/plateformeipamac\/files\/2011\/10\/Capture-d\u2019\u00e9cran-2012-03-09-\u00e0-18.29.56.png\" alt=\"\" width=\"250\" height=\"201\" \/><\/a>La dimension culturelle dans les projets de territoire des Parcs naturels r\u00e9gionaux a \u00e9t\u00e9 <span style=\"color: #ff6600;\"><strong>r\u00e9affirm\u00e9e avec vigueur en mars 1999 dans le texte d&#8217;orientation pour le d\u00e9veloppement culturel dans les Parcs naturels r\u00e9gionaux.<\/strong><\/span> Cette volont\u00e9 nouvelle a permis la mise en place du r\u00e9seau culture abandonn\u00e9 depuis le milieu des ann\u00e9es 2000.<!--more--><\/p>\n<p>La culture, accept\u00e9e par tous comme \u00e9tant un facteur identitaire et un facteur d\u2019appropriation du territoire, appara\u00eet comme un outil de d\u00e9veloppement durable des territoires ruraux et comme cr\u00e9atrice de lien social entre les populations.<\/p>\n<p>Face aux enjeux soulev\u00e9s par les pratiques culturelles, la F\u00e9d\u00e9ration des Parcs naturels r\u00e9gionaux et l&#8217;ensemble des Parcs ont voulu r\u00e9animer le r\u00e9seau culture avec, comme acte fondateur, la mise en place d&#8217;<span style=\"color: #ff6600;\"><strong>un inventaire des strat\u00e9gies et des pratiques des Parcs en mati\u00e8re d&#8217;actions culturelles.<\/strong><\/span><\/p>\n<p>L&#8217;\u00e9tude a pour objectif de recenser les diff\u00e9rentes actions culturelles men\u00e9es dans les Parcs, en s&#8217;int\u00e9ressant de mani\u00e8re plus sp\u00e9cifique au patrimoine et aux arts vivants et en listant les diff\u00e9rentes approches en mati\u00e8re de projet culturel. Certaines th\u00e9matiques seront valoris\u00e9es dans l&#8217;\u00e9tude telles que la coop\u00e9ration et les mises en r\u00e9seau r\u00e9gionales et nationales, la r\u00e9sidence d&#8217;artistes ou, encore, les financements, les cahiers des charges, les appels d\u2019offres et<br \/>\nles commandes&#8230;<\/p>\n<p><a href=\"http:\/\/reseauculture21.fr\/plateformeipamac\/files\/2011\/10\/Etude-culture.pdf\">T\u00e9l\u00e9chargez l&#8217;inventaire des pratiques culturelles dans les PNR<\/a><\/p>\n","protected":false},"excerpt":{"rendered":"<p><a href=\"http:\/\/reseauculture21.fr\/plateformeipamac\/files\/2011\/10\/Capture-d\u2019\u00e9cran-2012-03-09-\u00e0-18.29.56.png\"><\/a>La dimension culturelle dans les projets de territoire des Parcs naturels r\u00e9gionaux a \u00e9t\u00e9 r\u00e9affirm\u00e9e avec vigueur en mars 1999 dans le texte d&#8217;orientation pour le d\u00e9veloppement culturel dans les Parcs naturels r\u00e9gionaux. Cette volont\u00e9 nouvelle a permis la mise en place du r\u00e9seau culture abandonn\u00e9 depuis le milieu des ann\u00e9es 2000.<\/p>\n","protected":false},"author":783,"featured_media":500,"comment_status":"open","ping_status":"open","sticky":false,"template":"","format":"standard","meta":[],"categories":[14],"tags":[40,39],"acf":[],"jetpack_featured_media_url":"https:\/\/reseauculture21.fr\/plateformeipamac\/files\/2011\/10\/Capture-d\u2019\u00e9cran-2012-03-09-\u00e0-18.29.561.png","_links":{"self":[{"href":"https:\/\/reseauculture21.fr\/plateformeipamac\/wp-json\/wp\/v2\/posts\/35"}],"collection":[{"href":"https:\/\/reseauculture21.fr\/plateformeipamac\/wp-json\/wp\/v2\/posts"}],"about":[{"href":"https:\/\/reseauculture21.fr\/plateformeipamac\/wp-json\/wp\/v2\/types\/post"}],"author":[{"embeddable":true,"href":"https:\/\/reseauculture21.fr\/plateformeipamac\/wp-json\/wp\/v2\/users\/783"}],"replies":[{"embeddable":true,"href":"https:\/\/reseauculture21.fr\/plateformeipamac\/wp-json\/wp\/v2\/comments?post=35"}],"version-history":[{"count":9,"href":"https:\/\/reseauculture21.fr\/plateformeipamac\/wp-json\/wp\/v2\/posts\/35\/revisions"}],"predecessor-version":[{"id":517,"href":"https:\/\/reseauculture21.fr\/plateformeipamac\/wp-json\/wp\/v2\/posts\/35\/revisions\/517"}],"wp:featuredmedia":[{"embeddable":true,"href":"https:\/\/reseauculture21.fr\/plateformeipamac\/wp-json\/wp\/v2\/media\/500"}],"wp:attachment":[{"href":"https:\/\/reseauculture21.fr\/plateformeipamac\/wp-json\/wp\/v2\/media?parent=35"}],"wp:term":[{"taxonomy":"category","embeddable":true,"href":"https:\/\/reseauculture21.fr\/plateformeipamac\/wp-json\/wp\/v2\/categories?post=35"},{"taxonomy":"post_tag","embeddable":true,"href":"https:\/\/reseauculture21.fr\/plateformeipamac\/wp-json\/wp\/v2\/tags?post=35"}],"curies":[{"name":"wp","href":"https:\/\/api.w.org\/{rel}","templated":true}]}}