{"id":22,"date":"2011-10-11T08:27:04","date_gmt":"2011-10-11T08:27:04","guid":{"rendered":"http:\/\/reseauculture21.fr\/plateformeipamac\/?p=22"},"modified":"2012-03-09T18:14:53","modified_gmt":"2012-03-09T18:14:53","slug":"parcs-en-residences-laccueil-ca-se-cultive","status":"publish","type":"post","link":"https:\/\/reseauculture21.fr\/plateformeipamac\/2011\/10\/11\/parcs-en-residences-laccueil-ca-se-cultive\/","title":{"rendered":"Parcs en R\u00e9sidences : l&#8217;accueil, \u00e7a se cultive !"},"content":{"rendered":"<p><a href=\"http:\/\/reseauculture21.fr\/plateformeipamac\/files\/2011\/10\/BULB@CaussesQuercy1-300x2001.jpg\"><img loading=\"lazy\" class=\"alignleft size-full wp-image-480\" title=\"BULB@CaussesQuercy1-300x200\" src=\"http:\/\/reseauculture21.fr\/plateformeipamac\/files\/2011\/10\/BULB@CaussesQuercy1-300x2001.jpg\" alt=\"\" width=\"250\" height=\"167\" \/><\/a>Quel que soit le territoire, l&#8217;accueil et l&#8217;int\u00e9gration de nouveaux arrivants ne vont pas de soi&#8230; <span style=\"color: #ff6600;\"><strong>S&#8217;int\u00e9grer, c&#8217;est appartenir \u00e0 un territoire<\/strong>, <strong>se l&#8217;approprier, contribuer \u00e0 son identit\u00e9<\/strong>. <\/span>La rencontre avec les populations d&#8217;accueil est une condition <em>sine qua non<\/em> et une premi\u00e8re \u00e9tape vers l&#8217;int\u00e9gration. <!--more-->D\u00e8s lors, <span style=\"color: #ff6600;\"><strong>comment cr\u00e9er la rencontre<\/strong>, <span style=\"color: #000000;\">accompagner le d\u00e9sir de migration et d&#8217;int\u00e9gration des uns avec la n\u00e9cessit\u00e9 d&#8217;accueil de nouvelles populations des autres ?<\/span><\/span><\/p>\n<p><span style=\"color: #ff6600;\">Le <strong>m\u00e9dia culturel est ressorti\u00a0 prioritairement comme un levier de d\u00e9veloppement<\/strong><\/span> lors de l&#8217;Universit\u00e9 Europ\u00e9enne de l&#8217;Accueil en juin 2006 : incitant \u00e0 l&#8217;installation de populations et de cr\u00e9ateurs d&#8217;entreprises sur les territoires <span style=\"color: #000000;\">et <\/span><span style=\"color: #ff6600;\"><span style=\"color: #000000;\">facteur de lien social,<\/span> <strong>il concourt en effet \u00e0 la construction d&#8217;une identit\u00e9 territoriale forte<\/strong>.<\/span><\/p>\n<p>C&#8217;est ce constat qui a men\u00e9 l&#8217;IPAMAC \u00e0 la mise en oeuvre de &#8220;<strong>Parcs en R\u00e9sidences<\/strong>&#8220;, action de sensibilisation \u00e0 la th\u00e9matique de l&#8217;accueil, \u00e0 travers la m\u00e9diation culturelle&#8230;<\/p>\n<p>&#8230;Pendant six mois, de janvier \u00e0 juin 2008, <strong><span style=\"color: #ff6600;\">cinq collectifs d&#8217;artistes se sont ins\u00e9r\u00e9s dans la vie locale de cinq Parcs naturels r\u00e9gionaux<\/span><\/strong> (Causses du Quercy, Morvan, Livradois-Forez, Millevaches en Limousin et Monts d&#8217;Ard\u00e8che) et ont imagin\u00e9 des rencontres avec les habitants, les \u00e9lus et les acteurs locaux. L&#8217;\u00e9t\u00e9 venu, ils ont propos\u00e9 leurs cr\u00e9ations aux habitants, anciens et nouveaux, et partag\u00e9 avec eux leur vision de l&#8217;accueil et l&#8217;int\u00e9gration. Enfin, lors de deux journ\u00e9es exceptionnelles organis\u00e9es les 4 et 5 septembre 2008 \u00e0 la Ferme de Bourlatier (Parc naturel r\u00e9gional des Monts d&#8217;Ard\u00e8che), les exp\u00e9riences et les cr\u00e9ations des artistes ont \u00e9t\u00e9 partag\u00e9es avec tous les partenaires pour en tirer des enseignements et envisager les perspectives du projet.<\/p>\n<p>Cette exp\u00e9rience in\u00e9dite sur les capacit\u00e9s et les conditions d&#8217;accueil de ces r\u00e9gions du Massif-central a \u00e9t\u00e9 retrac\u00e9e dans le film <strong><span style=\"color: #ff6600;\">&#8220;Ici et l\u00e0-bas&#8221; r\u00e9alis\u00e9 par Philippe AYME<\/span><\/strong> (Atelier Atlas). Ce film capitalise \u00e0 la fois la m\u00e9thodologie employ\u00e9e et un certain nombre d&#8217;enseignements quant \u00e0 l&#8217;accueil de populations et permettra de transf\u00e9rer l&#8217;exp\u00e9rience conduite sur les 5 territoires.<\/p>\n<p><a href=\"http:\/\/reseauculture21.fr\/plateformeipamac\/files\/2011\/10\/bon-de-commande.pdf\">T\u00e9l\u00e9chargez le bon de commande du film &#8220;Ici et l\u00e0-bas&#8221;<\/a><\/p>\n<p><a href=\"..\/files\/2011\/10\/actes-parcs-en-residence.pdf\">T\u00e9l\u00e9chargez les actes de restitution du projet &#8220;Parcs en R\u00e9sidences&#8221; !<\/a><\/p>\n<p><a href=\"http:\/\/reseauculture21.fr\/plateformeipamac\/files\/2011\/10\/Parcs-en-Residences-DP.pdf\">D\u00e9couvrez le dossier de presse du projet<\/a><\/p>\n","protected":false},"excerpt":{"rendered":"<p><a href=\"http:\/\/reseauculture21.fr\/plateformeipamac\/files\/2011\/10\/BULB@CaussesQuercy1-300x2001.jpg\"><\/a>Quel que soit le territoire, l&#8217;accueil et l&#8217;int\u00e9gration de nouveaux arrivants ne vont pas de soi&#8230; S&#8217;int\u00e9grer, c&#8217;est appartenir \u00e0 un territoire, se l&#8217;approprier, contribuer \u00e0 son identit\u00e9. La rencontre avec les populations d&#8217;accueil est une condition sine qua non et une premi\u00e8re \u00e9tape vers l&#8217;int\u00e9gration. <\/p>\n","protected":false},"author":783,"featured_media":478,"comment_status":"open","ping_status":"open","sticky":false,"template":"","format":"standard","meta":[],"categories":[20,23,27],"tags":[41,45,42],"acf":[],"jetpack_featured_media_url":"https:\/\/reseauculture21.fr\/plateformeipamac\/files\/2011\/10\/Capture-d\u2019\u00e9cran-2012-03-09-\u00e0-18.08.21.png","_links":{"self":[{"href":"https:\/\/reseauculture21.fr\/plateformeipamac\/wp-json\/wp\/v2\/posts\/22"}],"collection":[{"href":"https:\/\/reseauculture21.fr\/plateformeipamac\/wp-json\/wp\/v2\/posts"}],"about":[{"href":"https:\/\/reseauculture21.fr\/plateformeipamac\/wp-json\/wp\/v2\/types\/post"}],"author":[{"embeddable":true,"href":"https:\/\/reseauculture21.fr\/plateformeipamac\/wp-json\/wp\/v2\/users\/783"}],"replies":[{"embeddable":true,"href":"https:\/\/reseauculture21.fr\/plateformeipamac\/wp-json\/wp\/v2\/comments?post=22"}],"version-history":[{"count":14,"href":"https:\/\/reseauculture21.fr\/plateformeipamac\/wp-json\/wp\/v2\/posts\/22\/revisions"}],"predecessor-version":[{"id":528,"href":"https:\/\/reseauculture21.fr\/plateformeipamac\/wp-json\/wp\/v2\/posts\/22\/revisions\/528"}],"wp:featuredmedia":[{"embeddable":true,"href":"https:\/\/reseauculture21.fr\/plateformeipamac\/wp-json\/wp\/v2\/media\/478"}],"wp:attachment":[{"href":"https:\/\/reseauculture21.fr\/plateformeipamac\/wp-json\/wp\/v2\/media?parent=22"}],"wp:term":[{"taxonomy":"category","embeddable":true,"href":"https:\/\/reseauculture21.fr\/plateformeipamac\/wp-json\/wp\/v2\/categories?post=22"},{"taxonomy":"post_tag","embeddable":true,"href":"https:\/\/reseauculture21.fr\/plateformeipamac\/wp-json\/wp\/v2\/tags?post=22"}],"curies":[{"name":"wp","href":"https:\/\/api.w.org\/{rel}","templated":true}]}}