{"id":177,"date":"2011-10-09T17:29:53","date_gmt":"2011-10-09T17:29:53","guid":{"rendered":"http:\/\/reseauculture21.fr\/plateformeipamac\/?p=177"},"modified":"2012-03-09T18:09:24","modified_gmt":"2012-03-09T18:09:24","slug":"residences-et-restitution-du-projet-parcs-en-residences","status":"publish","type":"post","link":"https:\/\/reseauculture21.fr\/plateformeipamac\/2011\/10\/09\/residences-et-restitution-du-projet-parcs-en-residences\/","title":{"rendered":"Les r\u00e9sidences du projet artistique Parcs en R\u00e9sidences"},"content":{"rendered":"<p><a href=\"http:\/\/reseauculture21.fr\/plateformeipamac\/files\/2011\/10\/premi\u00e8re-ballade.gif\"><img loading=\"lazy\" class=\"alignleft size-medium wp-image-192\" src=\"http:\/\/reseauculture21.fr\/plateformeipamac\/files\/2011\/10\/premi\u00e8re-ballade-300x241.gif\" alt=\"\" width=\"300\" height=\"259\" \/><\/a><\/p>\n<p>Le projet Parcs en R\u00e9sidences qui s&#8217;est d\u00e9roul\u00e9 <strong>de janvier \u00e0 septembre 2008<\/strong> a donn\u00e9 lieu \u00e0 la production de nombreux documents, visuels retra\u00e7ant l&#8217;exp\u00e9rience pour les collectifs artistiques engag\u00e9s dans l&#8217;aventure. <!--more--><em>Vous pouvez suivre le d\u00e9roul\u00e9 des r\u00e9sidences sur les territoires via le blog du projet <\/em>: <a href=\"http:\/\/www.letroisiemepole.com\/interparc\/blog\/v2\/\">ParcsenResidences, l&#8217;accueil \u00e7a se cultive<\/a>.<\/p>\n<p><em>Et vous trouverez ci-dessous une petite s\u00e9lection de quelques supports du projet &#8230;<\/em><\/p>\n<p><a href=\"http:\/\/reseauculture21.fr\/plateformeipamac\/files\/2011\/10\/Parcs-en-Residences-DP.pdf\"><strong>Le Dossier de Presse du Projet<\/strong><\/a><\/p>\n<p><a href=\"http:\/\/reseauculture21.fr\/plateformeipamac\/files\/2011\/11\/Depliant_projet.pdf\"><strong>Le D\u00e9pliant du Projet Parcs en R\u00e9sidences<\/strong><\/a><\/p>\n<p><strong><br \/>\n<\/strong><\/p>\n<p><em>&#8230; et les propositions artistiques des cinq collectifs s\u00e9lectionn\u00e9s :<\/em><\/p>\n<p>Proposition du Collectif Le Ventre &#8230; en r\u00e9sidence sur le PNR Livradois-Forez<\/p>\n<p><a href=\"http:\/\/reseauculture21.fr\/plateformeipamac\/files\/2011\/11\/ProjetPixel13Bulb.pdf\">Proposition de Pixel 13<\/a> &#8230; en r\u00e9sidence sur le PNR Causses du Quercy<\/p>\n<p><a href=\"http:\/\/reseauculture21.fr\/plateformeipamac\/files\/2011\/11\/Projet3ememain.pdf\">Proposition de la Compagnie La 3\u00e8me main<\/a> &#8230; en r\u00e9sidence sur le PNR Morvan<\/p>\n<p><a href=\"http:\/\/reseauculture21.fr\/plateformeipamac\/files\/2011\/11\/ProjetCarnetdeVoyage.pdf\">Proposition &#8216;Carnet de Voyage<\/a>&#8216;&#8230; en r\u00e9sidence sur le PNR Monts d&#8217;Ard\u00e8che<\/p>\n<p><a href=\"http:\/\/reseauculture21.fr\/plateformeipamac\/files\/2011\/11\/ProjetCieduPassage.pdf\">Proposition de PetitPoisPrincesse<\/a> &#8230; en r\u00e9sidence sur le PNR Millevaches<\/p>\n<p>&nbsp;<\/p>\n","protected":false},"excerpt":{"rendered":"<p><a href=\"http:\/\/reseauculture21.fr\/plateformeipamac\/files\/2011\/10\/premi\u00e8re-ballade.gif\"><\/a><\/p>\n<p>Le projet Parcs en R\u00e9sidences qui s&#8217;est d\u00e9roul\u00e9 de janvier \u00e0 septembre 2008 a donn\u00e9 lieu \u00e0 la production de nombreux documents, visuels retra\u00e7ant l&#8217;exp\u00e9rience pour les collectifs artistiques engag\u00e9s dans l&#8217;aventure. <\/p>\n","protected":false},"author":784,"featured_media":195,"comment_status":"open","ping_status":"open","sticky":false,"template":"","format":"standard","meta":[],"categories":[20,23,27],"tags":[41],"acf":[],"jetpack_featured_media_url":"https:\/\/reseauculture21.fr\/plateformeipamac\/files\/2011\/10\/premi\u00e8re-ballade1.gif","_links":{"self":[{"href":"https:\/\/reseauculture21.fr\/plateformeipamac\/wp-json\/wp\/v2\/posts\/177"}],"collection":[{"href":"https:\/\/reseauculture21.fr\/plateformeipamac\/wp-json\/wp\/v2\/posts"}],"about":[{"href":"https:\/\/reseauculture21.fr\/plateformeipamac\/wp-json\/wp\/v2\/types\/post"}],"author":[{"embeddable":true,"href":"https:\/\/reseauculture21.fr\/plateformeipamac\/wp-json\/wp\/v2\/users\/784"}],"replies":[{"embeddable":true,"href":"https:\/\/reseauculture21.fr\/plateformeipamac\/wp-json\/wp\/v2\/comments?post=177"}],"version-history":[{"count":16,"href":"https:\/\/reseauculture21.fr\/plateformeipamac\/wp-json\/wp\/v2\/posts\/177\/revisions"}],"predecessor-version":[{"id":522,"href":"https:\/\/reseauculture21.fr\/plateformeipamac\/wp-json\/wp\/v2\/posts\/177\/revisions\/522"}],"wp:featuredmedia":[{"embeddable":true,"href":"https:\/\/reseauculture21.fr\/plateformeipamac\/wp-json\/wp\/v2\/media\/195"}],"wp:attachment":[{"href":"https:\/\/reseauculture21.fr\/plateformeipamac\/wp-json\/wp\/v2\/media?parent=177"}],"wp:term":[{"taxonomy":"category","embeddable":true,"href":"https:\/\/reseauculture21.fr\/plateformeipamac\/wp-json\/wp\/v2\/categories?post=177"},{"taxonomy":"post_tag","embeddable":true,"href":"https:\/\/reseauculture21.fr\/plateformeipamac\/wp-json\/wp\/v2\/tags?post=177"}],"curies":[{"name":"wp","href":"https:\/\/api.w.org\/{rel}","templated":true}]}}